{"id":39732,"date":"2025-07-04T08:34:48","date_gmt":"2025-07-04T05:34:48","guid":{"rendered":"https:\/\/www.egemtv.com\/?p=39732"},"modified":"2025-07-04T08:34:52","modified_gmt":"2025-07-04T05:34:52","slug":"3-gundur-devam-eden-orman-yangini-sonrasi-odemisin-daglari-siyaha-burundu","status":"publish","type":"post","link":"https:\/\/www.egemtv.com\/?p=39732","title":{"rendered":"3 g\u00fcnd\u00fcr devam eden orman yang\u0131n\u0131 sonras\u0131 \u00d6demi\u015f\u2019in da\u011flar\u0131 siyaha b\u00fcr\u00fcnd\u00fc"},"content":{"rendered":"<p>\u0130zmir\u2019in \u00d6demi\u015f il\u00e7esine ba\u011fl\u0131 Tosunlar K\u00f6y\u00fc\u2019nde 02 Temmuz g\u00fcn\u00fc ak\u015fam saatlerinde ba\u015flayan orman yang\u0131n\u0131 Ortak\u00f6y civar\u0131nda devam ediyor. Y\u00fczlerce dekar alan\u0131n adeta k\u00fcle d\u00f6nd\u00fc\u011f\u00fc yang\u0131nda yemye\u015fil \u00f6demi\u015f da\u011flar\u0131 siyaha b\u00fcr\u00fcnd\u00fc. Alevleri s\u00f6nd\u00fcrmek i\u00e7in ekiplerin havadan ve karadan m\u00fcdahalesi devam ediyor.<br \/>\n<br \/>\u00c7ar\u015famba g\u00fcn\u00fc ak\u015fam saatlerinde \u00d6demi\u015f Tosunlar K\u00f6y\u00fc\u2019nde ba\u015flayan orman yang\u0131n\u0131nda 3. g\u00fcne girildi. \u015eiddetli r\u00fczgar\u0131n etkisi ile h\u0131zla b\u00fcy\u00fcyen yang\u0131nda alevlerin \u00f6n\u00fcne sabah saatlerinde r\u00fczgar\u0131n \u015fiddeti kaybolmas\u0131 ile ge\u00e7ilebildi. Havadan u\u00e7ak ve helikopterlerin yan\u0131 s\u0131ra karadan da y\u00fczlerce orman ve itfaiye ekibinin m\u00fcdahale etti\u011fi yang\u0131nda \u015fu anda Ortak\u00f6y\u2019\u00fcn g\u00fcney k\u0131s\u0131mlar\u0131nda devam ediyor.<br \/>\n<br \/>Yang\u0131n dolay\u0131s\u0131yla bo\u015falt\u0131lan Tosunlar, Su\u00e7\u0131kt\u0131, K\u00f6seler, \u00dcz\u00fcml\u00fc ve Yenik\u00f6y\u2019de hayat\u0131n normale d\u00f6nmesi i\u00e7in u\u011fra\u015flar devam ediyor.<\/p>\n<p>Son bir haftada 624 yang\u0131n \u00e7\u0131kt\u0131<br \/>\n<br \/>Son y\u0131llar\u0131n en b\u00fcy\u00fck yang\u0131n felaketini ya\u015fayan T\u00fcrkiye\u2019de 2025 y\u0131l\u0131n\u0131n ilk 6 ay\u0131nda bin 305\u2019i ormanl\u0131k alanda, bin 739\u2019u da orman d\u0131\u015f\u0131nda olmak \u00fczere toplam 3 bin 44 adet yang\u0131n \u00e7\u0131kt\u0131\u011f\u0131 bu yang\u0131nlar\u0131n 624\u2019\u00fcn\u00fcn ise sadece son 7 g\u00fcn i\u00e7inde ya\u015fand\u0131\u011f\u0131 bildirildi. Yang\u0131n helikopter ve u\u00e7aklar\u0131n\u0131n alevlerle m\u00fccadele etmek i\u00e7in g\u00f6ky\u00fcz\u00fcnde adeta mekik dokurken \u00e7\u0131kan yang\u0131nlar\u0131n s\u00f6nd\u00fcr\u00fclmesi i\u00e7in 16 bin 35 sorti yapt\u0131\u011f\u0131 \u00f6\u011frenildi.<br \/><\/p>\n","protected":false},"excerpt":{"rendered":"<p>\u0130zmir\u2019in \u00d6demi\u015f il\u00e7esine ba\u011fl\u0131 Tosunlar K\u00f6y\u00fc\u2019nde 02 Temmuz g\u00fcn\u00fc ak\u015fam saatlerinde ba\u015flayan orman yang\u0131n\u0131 Ortak\u00f6y civar\u0131nda devam ediyor. Y\u00fczlerce dekar alan\u0131n adeta k\u00fcle d\u00f6nd\u00fc\u011f\u00fc yang\u0131nda yemye\u015fil \u00f6demi\u015f da\u011flar\u0131 siyaha b\u00fcr\u00fcnd\u00fc. Alevleri s\u00f6nd\u00fcrmek i\u00e7in ekiplerin havadan ve karadan m\u00fcdahalesi devam ediyor. \u00c7ar\u015famba g\u00fcn\u00fc ak\u015fam saatlerinde \u00d6demi\u015f Tosunlar K\u00f6y\u00fc\u2019nde ba\u015flayan orman yang\u0131n\u0131nda 3. g\u00fcne girildi. \u015eiddetli r\u00fczgar\u0131n&#8230;<\/p>\n","protected":false},"author":1,"featured_media":39733,"comment_status":"open","ping_status":"open","sticky":false,"template":"","format":"standard","meta":{"_crdt_document":"","footnotes":""},"categories":[5],"tags":[],"class_list":["post-39732","post","type-post","status-publish","format-standard","has-post-thumbnail","hentry","category-asayis"],"_links":{"self":[{"href":"https:\/\/www.egemtv.com\/index.php?rest_route=\/wp\/v2\/posts\/39732","targetHints":{"allow":["GET"]}}],"collection":[{"href":"https:\/\/www.egemtv.com\/index.php?rest_route=\/wp\/v2\/posts"}],"about":[{"href":"https:\/\/www.egemtv.com\/index.php?rest_route=\/wp\/v2\/types\/post"}],"author":[{"embeddable":true,"href":"https:\/\/www.egemtv.com\/index.php?rest_route=\/wp\/v2\/users\/1"}],"replies":[{"embeddable":true,"href":"https:\/\/www.egemtv.com\/index.php?rest_route=%2Fwp%2Fv2%2Fcomments&post=39732"}],"version-history":[{"count":1,"href":"https:\/\/www.egemtv.com\/index.php?rest_route=\/wp\/v2\/posts\/39732\/revisions"}],"predecessor-version":[{"id":39734,"href":"https:\/\/www.egemtv.com\/index.php?rest_route=\/wp\/v2\/posts\/39732\/revisions\/39734"}],"wp:featuredmedia":[{"embeddable":true,"href":"https:\/\/www.egemtv.com\/index.php?rest_route=\/wp\/v2\/media\/39733"}],"wp:attachment":[{"href":"https:\/\/www.egemtv.com\/index.php?rest_route=%2Fwp%2Fv2%2Fmedia&parent=39732"}],"wp:term":[{"taxonomy":"category","embeddable":true,"href":"https:\/\/www.egemtv.com\/index.php?rest_route=%2Fwp%2Fv2%2Fcategories&post=39732"},{"taxonomy":"post_tag","embeddable":true,"href":"https:\/\/www.egemtv.com\/index.php?rest_route=%2Fwp%2Fv2%2Ftags&post=39732"}],"curies":[{"name":"wp","href":"https:\/\/api.w.org\/{rel}","templated":true}]}}