{"id":39729,"date":"2025-07-04T01:34:54","date_gmt":"2025-07-03T22:34:54","guid":{"rendered":"https:\/\/www.egemtv.com\/?p=39729"},"modified":"2025-07-04T01:34:59","modified_gmt":"2025-07-03T22:34:59","slug":"aydin-izmir-otoyolu-trafige-kapatildi","status":"publish","type":"post","link":"https:\/\/www.egemtv.com\/?p=39729","title":{"rendered":"Ayd\u0131n-\u0130zmir Otoyolu trafi\u011fe kapat\u0131ld\u0131"},"content":{"rendered":"<p>\u0130zmir\u2019in Buca il\u00e7esinde \u00e7\u0131kan ve r\u00fczgar\u0131n etkisiyle b\u00fcy\u00fcyen orman yang\u0131n\u0131 Ayd\u0131n y\u00f6n\u00fcne do\u011fru ilerlerken, alevlerin otoyola yakla\u015fmas\u0131 sebebiyle sebebiyle Ayd\u0131n-\u0130zmir Otoyolu trafi\u011fe kapat\u0131ld\u0131.<br \/>\n<br \/>\u0130zmir\u2019in Buca il\u00e7esi Kaynaklar mevkiinde saat 15.50 s\u0131ralar\u0131nda ba\u015flayan orman yang\u0131n\u0131, r\u00fczgar\u0131n da etkisiyle k\u0131sa s\u00fcrede b\u00fcy\u00fcyerek geni\u015f bir alana yay\u0131ld\u0131. Yang\u0131n\u0131n yerle\u015fim yerlerini tehdit etmesi \u00fczerine ekipler bir yandan tahliye i\u015flemlerini y\u00fcr\u00fct\u00fcrken, yang\u0131na hem havadan hem karadan m\u00fcdahale ediliyor. R\u00fczgar\u0131n etkisiyle geni\u015f bir alana yay\u0131lan alevler Ayd\u0131n y\u00f6n\u00fcne do\u011fru ilerlemeye ba\u015flarken, yang\u0131n Ayd\u0131n \u0130zmir Otoyolu\u2019na yakla\u015ft\u0131. S\u00f6nd\u00fcrme \u00e7al\u0131\u015fmalar\u0131n\u0131n yan\u0131 s\u0131ra tedbirler de al\u0131nmaya devam ederken, Karayollar\u0131 Genel M\u00fcd\u00fcrl\u00fc\u011f\u00fc yapt\u0131\u011f\u0131 a\u00e7\u0131klama ile Ayd\u0131n-\u0130zmir Otoyolu\u2019nun trafi\u011fe kapat\u0131ld\u0131\u011f\u0131n\u0131 duyurdu. Konu ile ilgili yap\u0131lan a\u00e7\u0131klamada &#8220;\u0130zmir-Ayd\u0131n Otoyolu, \u00c7e\u015fme Otoyolu Ayr\u0131m\u0131 Kav\u015fa\u011f\u0131 ile Havaliman\u0131 Kav\u015fa\u011f\u0131 aras\u0131nda Y\u0131ld\u0131zk\u00f6y mevkiinde \u00e7\u0131kan yang\u0131n nedeniyle ge\u00e7ici olarak trafi\u011fe kapat\u0131lm\u0131\u015ft\u0131r&#8221; ifadeleri yer ald\u0131.<br \/><\/p>\n","protected":false},"excerpt":{"rendered":"<p>\u0130zmir\u2019in Buca il\u00e7esinde \u00e7\u0131kan ve r\u00fczgar\u0131n etkisiyle b\u00fcy\u00fcyen orman yang\u0131n\u0131 Ayd\u0131n y\u00f6n\u00fcne do\u011fru ilerlerken, alevlerin otoyola yakla\u015fmas\u0131 sebebiyle sebebiyle Ayd\u0131n-\u0130zmir Otoyolu trafi\u011fe kapat\u0131ld\u0131. \u0130zmir\u2019in Buca il\u00e7esi Kaynaklar mevkiinde saat 15.50 s\u0131ralar\u0131nda ba\u015flayan orman yang\u0131n\u0131, r\u00fczgar\u0131n da etkisiyle k\u0131sa s\u00fcrede b\u00fcy\u00fcyerek geni\u015f bir alana yay\u0131ld\u0131. Yang\u0131n\u0131n yerle\u015fim yerlerini tehdit etmesi \u00fczerine ekipler bir yandan tahliye i\u015flemlerini&#8230;<\/p>\n","protected":false},"author":1,"featured_media":39730,"comment_status":"open","ping_status":"open","sticky":false,"template":"","format":"standard","meta":{"_crdt_document":"","footnotes":""},"categories":[1],"tags":[],"class_list":["post-39729","post","type-post","status-publish","format-standard","has-post-thumbnail","hentry","category-guncel"],"_links":{"self":[{"href":"https:\/\/www.egemtv.com\/index.php?rest_route=\/wp\/v2\/posts\/39729","targetHints":{"allow":["GET"]}}],"collection":[{"href":"https:\/\/www.egemtv.com\/index.php?rest_route=\/wp\/v2\/posts"}],"about":[{"href":"https:\/\/www.egemtv.com\/index.php?rest_route=\/wp\/v2\/types\/post"}],"author":[{"embeddable":true,"href":"https:\/\/www.egemtv.com\/index.php?rest_route=\/wp\/v2\/users\/1"}],"replies":[{"embeddable":true,"href":"https:\/\/www.egemtv.com\/index.php?rest_route=%2Fwp%2Fv2%2Fcomments&post=39729"}],"version-history":[{"count":1,"href":"https:\/\/www.egemtv.com\/index.php?rest_route=\/wp\/v2\/posts\/39729\/revisions"}],"predecessor-version":[{"id":39731,"href":"https:\/\/www.egemtv.com\/index.php?rest_route=\/wp\/v2\/posts\/39729\/revisions\/39731"}],"wp:featuredmedia":[{"embeddable":true,"href":"https:\/\/www.egemtv.com\/index.php?rest_route=\/wp\/v2\/media\/39730"}],"wp:attachment":[{"href":"https:\/\/www.egemtv.com\/index.php?rest_route=%2Fwp%2Fv2%2Fmedia&parent=39729"}],"wp:term":[{"taxonomy":"category","embeddable":true,"href":"https:\/\/www.egemtv.com\/index.php?rest_route=%2Fwp%2Fv2%2Fcategories&post=39729"},{"taxonomy":"post_tag","embeddable":true,"href":"https:\/\/www.egemtv.com\/index.php?rest_route=%2Fwp%2Fv2%2Ftags&post=39729"}],"curies":[{"name":"wp","href":"https:\/\/api.w.org\/{rel}","templated":true}]}}