{"id":39726,"date":"2025-07-03T23:36:33","date_gmt":"2025-07-03T20:36:33","guid":{"rendered":"https:\/\/www.egemtv.com\/?p=39726"},"modified":"2025-07-03T23:36:37","modified_gmt":"2025-07-03T20:36:37","slug":"yuruyus-yaparken-otomobilin-carptigi-adam-hayatini-kaybetti","status":"publish","type":"post","link":"https:\/\/www.egemtv.com\/?p=39726","title":{"rendered":"Y\u00fcr\u00fcy\u00fc\u015f yaparken otomobilin \u00e7arpt\u0131\u011f\u0131 adam hayat\u0131n\u0131 kaybetti"},"content":{"rendered":"<p>Mu\u011fla\u2019n\u0131n Milas il\u00e7esinde y\u00fcr\u00fcy\u00fc\u015f yaparken otomobilin \u00e7arpt\u0131\u011f\u0131 bir ki\u015fi hayat\u0131n\u0131 kaybetti.<br \/>\n<br \/>Edinilen bilgilere g\u00f6re, Be\u00e7in Mahallesi Milas-Be\u00e7in karayolu kenar\u0131nda y\u00fcr\u00fcd\u00fc\u011f\u00fc s\u0131rada arkadan gelen bir otomobilin \u00e7arpt\u0131\u011f\u0131<br \/>\n<br \/>53 ya\u015f\u0131ndaki \u00d6nder Dereli, a\u011f\u0131r yaraland\u0131. Kazay\u0131 g\u00f6renler durumu 112 Acil \u00c7a\u011fr\u0131 Merkezi\u2019ne bildirdi. \u0130hbar \u00fczerine b\u00f6lgeye polis, itfaiye ve sa\u011fl\u0131k ekipleri sevk edildi. K\u0131sa s\u00fcrede olay yerine gelen sa\u011fl\u0131k ekiplei, kalbi duran vatanda\u015fa kalp masaj\u0131 uygularken, Dereli a\u011f\u0131r yaral\u0131 olarak kald\u0131r\u0131ld\u0131\u011f\u0131 Milas Devlet Hastanesi\u2019nde yap\u0131lan t\u00fcm m\u00fcdahalelere ra\u011fmen kurtar\u0131lamad\u0131.<\/p>\n<p>Ara\u00e7ta yang\u0131n \u00e7\u0131kt\u0131<br \/>\n<br \/>\u00c7arpman\u0131n etkisiyle kontrolden \u00e7\u0131kan otomobil ise yol kenar\u0131ndaki bir evin duvar\u0131na \u00e7arparak durabildi. \u00c7arp\u0131\u015fman\u0131n ard\u0131ndan ara\u00e7ta yang\u0131n \u00e7\u0131kt\u0131. Yang\u0131n, ihbar \u00fczerine olay yerine sevk edilen itfaiye ekiplerinin m\u00fcdahalesiyle kontrol alt\u0131na al\u0131narak s\u00f6nd\u00fcr\u00fcld\u00fc. Kazan\u0131n ard\u0131ndan karayolu bir s\u00fcre trafi\u011fe kapat\u0131ld\u0131. Gerekli i\u015flemlerin ard\u0131ndan yol yeniden trafi\u011fe a\u00e7\u0131l\u0131orken, olayla ilgili soru\u015fturma ba\u015flat\u0131ld\u0131.<br \/><\/p>\n","protected":false},"excerpt":{"rendered":"<p>Mu\u011fla\u2019n\u0131n Milas il\u00e7esinde y\u00fcr\u00fcy\u00fc\u015f yaparken otomobilin \u00e7arpt\u0131\u011f\u0131 bir ki\u015fi hayat\u0131n\u0131 kaybetti. Edinilen bilgilere g\u00f6re, Be\u00e7in Mahallesi Milas-Be\u00e7in karayolu kenar\u0131nda y\u00fcr\u00fcd\u00fc\u011f\u00fc s\u0131rada arkadan gelen bir otomobilin \u00e7arpt\u0131\u011f\u0131 53 ya\u015f\u0131ndaki \u00d6nder Dereli, a\u011f\u0131r yaraland\u0131. Kazay\u0131 g\u00f6renler durumu 112 Acil \u00c7a\u011fr\u0131 Merkezi\u2019ne bildirdi. \u0130hbar \u00fczerine b\u00f6lgeye polis, itfaiye ve sa\u011fl\u0131k ekipleri sevk edildi. K\u0131sa s\u00fcrede olay yerine gelen&#8230;<\/p>\n","protected":false},"author":1,"featured_media":39727,"comment_status":"open","ping_status":"open","sticky":false,"template":"","format":"standard","meta":{"_crdt_document":"","footnotes":""},"categories":[5],"tags":[],"class_list":["post-39726","post","type-post","status-publish","format-standard","has-post-thumbnail","hentry","category-asayis"],"_links":{"self":[{"href":"https:\/\/www.egemtv.com\/index.php?rest_route=\/wp\/v2\/posts\/39726","targetHints":{"allow":["GET"]}}],"collection":[{"href":"https:\/\/www.egemtv.com\/index.php?rest_route=\/wp\/v2\/posts"}],"about":[{"href":"https:\/\/www.egemtv.com\/index.php?rest_route=\/wp\/v2\/types\/post"}],"author":[{"embeddable":true,"href":"https:\/\/www.egemtv.com\/index.php?rest_route=\/wp\/v2\/users\/1"}],"replies":[{"embeddable":true,"href":"https:\/\/www.egemtv.com\/index.php?rest_route=%2Fwp%2Fv2%2Fcomments&post=39726"}],"version-history":[{"count":1,"href":"https:\/\/www.egemtv.com\/index.php?rest_route=\/wp\/v2\/posts\/39726\/revisions"}],"predecessor-version":[{"id":39728,"href":"https:\/\/www.egemtv.com\/index.php?rest_route=\/wp\/v2\/posts\/39726\/revisions\/39728"}],"wp:featuredmedia":[{"embeddable":true,"href":"https:\/\/www.egemtv.com\/index.php?rest_route=\/wp\/v2\/media\/39727"}],"wp:attachment":[{"href":"https:\/\/www.egemtv.com\/index.php?rest_route=%2Fwp%2Fv2%2Fmedia&parent=39726"}],"wp:term":[{"taxonomy":"category","embeddable":true,"href":"https:\/\/www.egemtv.com\/index.php?rest_route=%2Fwp%2Fv2%2Fcategories&post=39726"},{"taxonomy":"post_tag","embeddable":true,"href":"https:\/\/www.egemtv.com\/index.php?rest_route=%2Fwp%2Fv2%2Ftags&post=39726"}],"curies":[{"name":"wp","href":"https:\/\/api.w.org\/{rel}","templated":true}]}}