{"id":39723,"date":"2025-07-03T23:15:22","date_gmt":"2025-07-03T20:15:22","guid":{"rendered":"https:\/\/www.egemtv.com\/?p=39723"},"modified":"2025-07-03T23:15:27","modified_gmt":"2025-07-03T20:15:27","slug":"ispartada-izinsiz-kaziya-jandarma-baskini-4-kisi-sucustu-yakalandi","status":"publish","type":"post","link":"https:\/\/www.egemtv.com\/?p=39723","title":{"rendered":"Isparta\u2019da izinsiz kaz\u0131ya jandarma bask\u0131n\u0131: 4 ki\u015fi su\u00e7\u00fcst\u00fc yakaland\u0131"},"content":{"rendered":"<p>Isparta\u2019n\u0131n E\u011firdir il\u00e7esinde izinsiz kaz\u0131 yapt\u0131\u011f\u0131 belirlenen 4 ki\u015fi, jandarma ekipleri taraf\u0131ndan su\u00e7\u00fcst\u00fc yakaland\u0131.<br \/>\n<br \/>Edinilen bilgilere g\u00f6re, E\u011firdir \u0130l\u00e7e Jandarma Komutanl\u0131\u011f\u0131 ile \u0130l Jandarma Komutanl\u0131\u011f\u0131 Ka\u00e7ak\u00e7\u0131l\u0131k ve Organize Su\u00e7larla M\u00fccadele (KOM) \u015eube M\u00fcd\u00fcrl\u00fc\u011f\u00fc ekipleri, Sevin\u00e7bey k\u00f6y\u00fc Bademli Bo\u011faz\u0131 mevkiinde izinsiz kaz\u0131 yap\u0131ld\u0131\u011f\u0131 ihbar\u0131 \u00fczerine harekete ge\u00e7ti. B\u00f6lgeye d\u00fczenlenen operasyonda, M.\u00c7., K.A., H.\u00c7. ve E.A. isimli \u015fah\u0131slar kaz\u0131 yapt\u0131klar\u0131 esnada su\u00e7\u00fcst\u00fc yakaland\u0131.<br \/>\n<br \/>Kaz\u0131 alan\u0131nda yap\u0131lan aramalarda 2 adet k\u0131r\u0131c\u0131 hilti, 1 adet spiral makinas\u0131, 6 adet hilti bataryas\u0131, 1 adet batarya \u015farj cihaz\u0131, 6 adet hilti ucu, 14 adet spiral ta\u015f\u0131, 1 adet demir mur\u00e7, 1 adet k\u00fcrek, 1 adet kazma, 1 adet el \u00e7apas\u0131, 1 adet demir boru ve 1 adet kova ele ge\u00e7irildi. Malzemelere el konulurken, \u015f\u00fcpheliler hakk\u0131nda Cumhuriyet Savc\u0131s\u0131n\u0131n talimat\u0131 do\u011frultusunda adli i\u015flemlere ba\u015fland\u0131.<br \/>\n<br \/>Olayla ilgili soru\u015fturma s\u00fcr\u00fcyor.<br \/><\/p>\n","protected":false},"excerpt":{"rendered":"<p>Isparta\u2019n\u0131n E\u011firdir il\u00e7esinde izinsiz kaz\u0131 yapt\u0131\u011f\u0131 belirlenen 4 ki\u015fi, jandarma ekipleri taraf\u0131ndan su\u00e7\u00fcst\u00fc yakaland\u0131. Edinilen bilgilere g\u00f6re, E\u011firdir \u0130l\u00e7e Jandarma Komutanl\u0131\u011f\u0131 ile \u0130l Jandarma Komutanl\u0131\u011f\u0131 Ka\u00e7ak\u00e7\u0131l\u0131k ve Organize Su\u00e7larla M\u00fccadele (KOM) \u015eube M\u00fcd\u00fcrl\u00fc\u011f\u00fc ekipleri, Sevin\u00e7bey k\u00f6y\u00fc Bademli Bo\u011faz\u0131 mevkiinde izinsiz kaz\u0131 yap\u0131ld\u0131\u011f\u0131 ihbar\u0131 \u00fczerine harekete ge\u00e7ti. B\u00f6lgeye d\u00fczenlenen operasyonda, M.\u00c7., K.A., H.\u00c7. ve E.A. isimli&#8230;<\/p>\n","protected":false},"author":1,"featured_media":39724,"comment_status":"open","ping_status":"open","sticky":false,"template":"","format":"standard","meta":{"_crdt_document":"","footnotes":""},"categories":[5],"tags":[],"class_list":["post-39723","post","type-post","status-publish","format-standard","has-post-thumbnail","hentry","category-asayis"],"_links":{"self":[{"href":"https:\/\/www.egemtv.com\/index.php?rest_route=\/wp\/v2\/posts\/39723","targetHints":{"allow":["GET"]}}],"collection":[{"href":"https:\/\/www.egemtv.com\/index.php?rest_route=\/wp\/v2\/posts"}],"about":[{"href":"https:\/\/www.egemtv.com\/index.php?rest_route=\/wp\/v2\/types\/post"}],"author":[{"embeddable":true,"href":"https:\/\/www.egemtv.com\/index.php?rest_route=\/wp\/v2\/users\/1"}],"replies":[{"embeddable":true,"href":"https:\/\/www.egemtv.com\/index.php?rest_route=%2Fwp%2Fv2%2Fcomments&post=39723"}],"version-history":[{"count":1,"href":"https:\/\/www.egemtv.com\/index.php?rest_route=\/wp\/v2\/posts\/39723\/revisions"}],"predecessor-version":[{"id":39725,"href":"https:\/\/www.egemtv.com\/index.php?rest_route=\/wp\/v2\/posts\/39723\/revisions\/39725"}],"wp:featuredmedia":[{"embeddable":true,"href":"https:\/\/www.egemtv.com\/index.php?rest_route=\/wp\/v2\/media\/39724"}],"wp:attachment":[{"href":"https:\/\/www.egemtv.com\/index.php?rest_route=%2Fwp%2Fv2%2Fmedia&parent=39723"}],"wp:term":[{"taxonomy":"category","embeddable":true,"href":"https:\/\/www.egemtv.com\/index.php?rest_route=%2Fwp%2Fv2%2Fcategories&post=39723"},{"taxonomy":"post_tag","embeddable":true,"href":"https:\/\/www.egemtv.com\/index.php?rest_route=%2Fwp%2Fv2%2Ftags&post=39723"}],"curies":[{"name":"wp","href":"https:\/\/api.w.org\/{rel}","templated":true}]}}