{"id":39720,"date":"2025-07-03T23:15:17","date_gmt":"2025-07-03T20:15:17","guid":{"rendered":"https:\/\/www.egemtv.com\/?p=39720"},"modified":"2025-07-03T23:15:22","modified_gmt":"2025-07-03T20:15:22","slug":"usakta-meselik-alana-sicrayan-yangin-kontrol-altina-alindi","status":"publish","type":"post","link":"https:\/\/www.egemtv.com\/?p=39720","title":{"rendered":"U\u015fak\u2019ta me\u015felik alana s\u0131\u00e7rayan yang\u0131n kontrol alt\u0131na al\u0131nd\u0131"},"content":{"rendered":"<p>U\u015fak\u2019\u0131n E\u015fme il\u00e7esinde tar\u0131m arazisinde ba\u015flay\u0131p me\u015felik alana s\u0131\u00e7rayan yang\u0131n kontrol alt\u0131na al\u0131nd\u0131. Yang\u0131na ili\u015fkin 2 ki\u015fi g\u00f6zalt\u0131na al\u0131nd\u0131.<br \/>\n<br \/>Edinilen bilgilere g\u00f6re, U\u015fak\u2019\u0131n E\u015fme il\u00e7esine ba\u011fl\u0131 Balabanc\u0131 k\u00f6y\u00fcnde saman balyalama makinesinden dolay\u0131 tar\u0131m arazisinde yang\u0131n \u00e7\u0131kt\u0131. Yang\u0131n, r\u00fczgar\u0131n da etkisiyle k\u0131sa s\u00fcrede b\u00fcy\u00fcyerek me\u015felik alana s\u0131\u00e7rad\u0131. \u00c7evredeki vatanda\u015flar\u0131n durumu 112 Acil \u00c7a\u011fr\u0131 Merkezi\u2019ne bildirmesi \u00fczerine b\u00f6lgeye 2 helikopter, 9 araz\u00f6z, 10 i\u015f makinesi, 12 ilk m\u00fcdahale arac\u0131 sevk edildi. Yang\u0131n, ekiplerin 7 saatlik m\u00fcdahalesi sonucu kontrol alt\u0131na al\u0131n\u0131rken so\u011futma \u00e7al\u0131\u015fmalar\u0131 ise devam ediyor.<\/p>\n<p>Vali Akta\u015f, yang\u0131n b\u00f6lgesinde incelemelerde bulundu<br \/>\n<br \/>U\u015fak Valisi Naci Akta\u015f, s\u00f6nd\u00fcrme \u00e7al\u0131\u015fmalar\u0131n\u0131 yerinde incelemelerde bulunarak, E\u015fme Kaymakam\u0131 Mustafa G\u00f6rm\u00fc\u015f ve Denizli Orman B\u00f6lge M\u00fcd\u00fcr\u00fc Ahmet K\u00f6le\u2019den bilgi ald\u0131. \u00d6te yandan, yang\u0131na ili\u015fkin saman balyalama makinesini kullanan 2 ki\u015fi ise g\u00f6zalt\u0131na al\u0131nd\u0131.<br \/><\/p>\n","protected":false},"excerpt":{"rendered":"<p>U\u015fak\u2019\u0131n E\u015fme il\u00e7esinde tar\u0131m arazisinde ba\u015flay\u0131p me\u015felik alana s\u0131\u00e7rayan yang\u0131n kontrol alt\u0131na al\u0131nd\u0131. Yang\u0131na ili\u015fkin 2 ki\u015fi g\u00f6zalt\u0131na al\u0131nd\u0131. Edinilen bilgilere g\u00f6re, U\u015fak\u2019\u0131n E\u015fme il\u00e7esine ba\u011fl\u0131 Balabanc\u0131 k\u00f6y\u00fcnde saman balyalama makinesinden dolay\u0131 tar\u0131m arazisinde yang\u0131n \u00e7\u0131kt\u0131. Yang\u0131n, r\u00fczgar\u0131n da etkisiyle k\u0131sa s\u00fcrede b\u00fcy\u00fcyerek me\u015felik alana s\u0131\u00e7rad\u0131. \u00c7evredeki vatanda\u015flar\u0131n durumu 112 Acil \u00c7a\u011fr\u0131 Merkezi\u2019ne bildirmesi \u00fczerine&#8230;<\/p>\n","protected":false},"author":1,"featured_media":39721,"comment_status":"open","ping_status":"open","sticky":false,"template":"","format":"standard","meta":{"_crdt_document":"","footnotes":""},"categories":[5],"tags":[],"class_list":["post-39720","post","type-post","status-publish","format-standard","has-post-thumbnail","hentry","category-asayis"],"_links":{"self":[{"href":"https:\/\/www.egemtv.com\/index.php?rest_route=\/wp\/v2\/posts\/39720","targetHints":{"allow":["GET"]}}],"collection":[{"href":"https:\/\/www.egemtv.com\/index.php?rest_route=\/wp\/v2\/posts"}],"about":[{"href":"https:\/\/www.egemtv.com\/index.php?rest_route=\/wp\/v2\/types\/post"}],"author":[{"embeddable":true,"href":"https:\/\/www.egemtv.com\/index.php?rest_route=\/wp\/v2\/users\/1"}],"replies":[{"embeddable":true,"href":"https:\/\/www.egemtv.com\/index.php?rest_route=%2Fwp%2Fv2%2Fcomments&post=39720"}],"version-history":[{"count":1,"href":"https:\/\/www.egemtv.com\/index.php?rest_route=\/wp\/v2\/posts\/39720\/revisions"}],"predecessor-version":[{"id":39722,"href":"https:\/\/www.egemtv.com\/index.php?rest_route=\/wp\/v2\/posts\/39720\/revisions\/39722"}],"wp:featuredmedia":[{"embeddable":true,"href":"https:\/\/www.egemtv.com\/index.php?rest_route=\/wp\/v2\/media\/39721"}],"wp:attachment":[{"href":"https:\/\/www.egemtv.com\/index.php?rest_route=%2Fwp%2Fv2%2Fmedia&parent=39720"}],"wp:term":[{"taxonomy":"category","embeddable":true,"href":"https:\/\/www.egemtv.com\/index.php?rest_route=%2Fwp%2Fv2%2Fcategories&post=39720"},{"taxonomy":"post_tag","embeddable":true,"href":"https:\/\/www.egemtv.com\/index.php?rest_route=%2Fwp%2Fv2%2Ftags&post=39720"}],"curies":[{"name":"wp","href":"https:\/\/api.w.org\/{rel}","templated":true}]}}