{"id":39717,"date":"2025-07-03T22:55:31","date_gmt":"2025-07-03T19:55:31","guid":{"rendered":"https:\/\/www.egemtv.com\/?p=39717"},"modified":"2025-07-03T22:55:36","modified_gmt":"2025-07-03T19:55:36","slug":"bucadaki-orman-yangini-yerlesim-yerine-ulasti-vatandaslar-alevlere-hortumlarla-direndi","status":"publish","type":"post","link":"https:\/\/www.egemtv.com\/?p=39717","title":{"rendered":"Buca\u2019daki orman yang\u0131n\u0131 yerle\u015fim yerine ula\u015ft\u0131, vatanda\u015flar alevlere hortumlarla direndi"},"content":{"rendered":"<p>\u0130ZM\u0130R (\u0130HA) \u2013 \u0130zmir\u2019in Buca il\u00e7esi Kaynaklar mevkiinde \u00e7\u0131kan orman yang\u0131n\u0131, h\u0131zla b\u00fcy\u00fcyerek yerle\u015fim yerlerini tehdit etmeye ba\u015flad\u0131. Baz\u0131 vatanda\u015flar yakla\u015fan alevleri hortumla su s\u0131karak engellemeye \u00e7al\u0131\u015f\u0131rken, tahliye i\u015flemleri devam ediyor.<br \/>\n<br \/>Buca il\u00e7esi Kaynaklar mevkiinde saat 15.50 s\u0131ralar\u0131nda ba\u015flayan orman yang\u0131n\u0131, r\u00fczgar\u0131n da etkisiyle k\u0131sa s\u00fcrede b\u00fcy\u00fcyerek geni\u015f bir alana yay\u0131ld\u0131. Yang\u0131n, Zafer Mahallesi\u2019nden Y\u0131ld\u0131zlar Mahallesi\u2019ne kadar ilerledi. Yang\u0131n\u0131n yerle\u015fim yerlerini tehdit etmesi \u00fczerine ekipler bir yandan tahliye i\u015flemlerini y\u00fcr\u00fct\u00fcrken, vatanda\u015flar da evlerini hortumlarla sulayarak alevlerin yay\u0131lmas\u0131n\u0131 engellemeye \u00e7al\u0131\u015ft\u0131. B\u00f6lgeye sevk edilen 3 u\u00e7ak, 3 helikopter ve \u00e7ok say\u0131da araz\u00f6z ile yang\u0131na hem havadan hem karadan m\u00fcdahale ediliyor. Ancak r\u00fczgar\u0131n etkisiyle yang\u0131n\u0131n \u0130zmir-Ayd\u0131n Otoban\u0131 ve K\u0131s\u0131k Sanayi Sitesi y\u00f6n\u00fcne do\u011fru ilerlemeyi s\u00fcrd\u00fcrd\u00fc\u011f\u00fc bildirildi.<br \/>\n<br \/>Ekiplerin canla ba\u015fla y\u00fcr\u00fctt\u00fc\u011f\u00fc s\u00f6nd\u00fcrme \u00e7al\u0131\u015fmalar\u0131 aral\u0131ks\u0131z devam ederken, yetkililer vatanda\u015flara dikkatli olunmas\u0131 ve uyar\u0131lara riayet edilmesi \u00e7a\u011fr\u0131s\u0131nda bulundu.<br \/><\/p>\n","protected":false},"excerpt":{"rendered":"<p>\u0130ZM\u0130R (\u0130HA) \u2013 \u0130zmir\u2019in Buca il\u00e7esi Kaynaklar mevkiinde \u00e7\u0131kan orman yang\u0131n\u0131, h\u0131zla b\u00fcy\u00fcyerek yerle\u015fim yerlerini tehdit etmeye ba\u015flad\u0131. Baz\u0131 vatanda\u015flar yakla\u015fan alevleri hortumla su s\u0131karak engellemeye \u00e7al\u0131\u015f\u0131rken, tahliye i\u015flemleri devam ediyor. Buca il\u00e7esi Kaynaklar mevkiinde saat 15.50 s\u0131ralar\u0131nda ba\u015flayan orman yang\u0131n\u0131, r\u00fczgar\u0131n da etkisiyle k\u0131sa s\u00fcrede b\u00fcy\u00fcyerek geni\u015f bir alana yay\u0131ld\u0131. Yang\u0131n, Zafer Mahallesi\u2019nden Y\u0131ld\u0131zlar&#8230;<\/p>\n","protected":false},"author":1,"featured_media":39718,"comment_status":"open","ping_status":"open","sticky":false,"template":"","format":"standard","meta":{"_crdt_document":"","footnotes":""},"categories":[5],"tags":[],"class_list":["post-39717","post","type-post","status-publish","format-standard","has-post-thumbnail","hentry","category-asayis"],"_links":{"self":[{"href":"https:\/\/www.egemtv.com\/index.php?rest_route=\/wp\/v2\/posts\/39717","targetHints":{"allow":["GET"]}}],"collection":[{"href":"https:\/\/www.egemtv.com\/index.php?rest_route=\/wp\/v2\/posts"}],"about":[{"href":"https:\/\/www.egemtv.com\/index.php?rest_route=\/wp\/v2\/types\/post"}],"author":[{"embeddable":true,"href":"https:\/\/www.egemtv.com\/index.php?rest_route=\/wp\/v2\/users\/1"}],"replies":[{"embeddable":true,"href":"https:\/\/www.egemtv.com\/index.php?rest_route=%2Fwp%2Fv2%2Fcomments&post=39717"}],"version-history":[{"count":1,"href":"https:\/\/www.egemtv.com\/index.php?rest_route=\/wp\/v2\/posts\/39717\/revisions"}],"predecessor-version":[{"id":39719,"href":"https:\/\/www.egemtv.com\/index.php?rest_route=\/wp\/v2\/posts\/39717\/revisions\/39719"}],"wp:featuredmedia":[{"embeddable":true,"href":"https:\/\/www.egemtv.com\/index.php?rest_route=\/wp\/v2\/media\/39718"}],"wp:attachment":[{"href":"https:\/\/www.egemtv.com\/index.php?rest_route=%2Fwp%2Fv2%2Fmedia&parent=39717"}],"wp:term":[{"taxonomy":"category","embeddable":true,"href":"https:\/\/www.egemtv.com\/index.php?rest_route=%2Fwp%2Fv2%2Fcategories&post=39717"},{"taxonomy":"post_tag","embeddable":true,"href":"https:\/\/www.egemtv.com\/index.php?rest_route=%2Fwp%2Fv2%2Ftags&post=39717"}],"curies":[{"name":"wp","href":"https:\/\/api.w.org\/{rel}","templated":true}]}}