{"id":39714,"date":"2025-07-03T22:17:33","date_gmt":"2025-07-03T19:17:33","guid":{"rendered":"https:\/\/www.egemtv.com\/?p=39714"},"modified":"2025-07-03T22:17:37","modified_gmt":"2025-07-03T19:17:37","slug":"egirdirde-elma-ureticilerinin-su-sikintisi","status":"publish","type":"post","link":"https:\/\/www.egemtv.com\/?p=39714","title":{"rendered":"E\u011firdir\u2019de elma \u00fcreticilerinin su s\u0131k\u0131nt\u0131s\u0131"},"content":{"rendered":"<p>Isparta\u2019n\u0131n E\u011firdir il\u00e7esine ba\u011fl\u0131 Tepeli k\u00f6y\u00fcnde ya\u015fanan su s\u0131k\u0131nt\u0131s\u0131, elma \u00fcreticilerini zora soktu. Elma bah\u00e7eleri i\u00e7in da\u011flardan ya da k\u00f6y i\u00e7i kaynaklardan trakt\u00f6rlerle su ta\u015f\u0131yan \u00fcreticiler, artan kurakl\u0131k ve yetersiz sulama altyap\u0131s\u0131 nedeniyle \u00fcr\u00fcnlerini kaybetme riskiyle kar\u015f\u0131 kar\u015f\u0131ya kald\u0131klar\u0131n\u0131 s\u00f6yledi.<br \/>\n<br \/>T\u00fcrkiye\u2019nin en verimli elma \u00fcretim b\u00f6lgelerinden biri olan Bo\u011fazova Ovas\u0131\u2019nda \u00e7ift\u00e7iler, artan kurakl\u0131k ve yetersiz sulama altyap\u0131s\u0131 nedeniyle \u00fcr\u00fcnlerini kaybetme riskiyle kar\u015f\u0131 kar\u015f\u0131ya kald\u0131klar\u0131n\u0131 belirtti. \u00c7ift\u00e7iler, elma bah\u00e7eleri i\u00e7in da\u011flardan ya da k\u00f6y i\u00e7i kaynaklardan trakt\u00f6rlerle su ta\u015f\u0131yor. Ancak bu y\u00f6ntemin hem maddi olarak y\u00fck getirdi\u011fini hem de s\u00fcrd\u00fcr\u00fclebilir olmad\u0131\u011f\u0131n\u0131 s\u00f6yledi.<\/p>\n<p>&#8220;Elmac\u0131l\u0131ktan ba\u015fka gelirimiz yok&#8221;<br \/>\n<br \/>Tepeli K\u00f6y\u00fc Muhtar\u0131 Mustafa Kemal Demirekin, su sorununu yerinde \u00e7\u00f6zmek i\u00e7in vatanda\u015flarla birlikte ge\u00e7ici bir sistem kurduklar\u0131n\u0131, ancak bunun yetersiz oldu\u011funu s\u00f6yledi. Demirekin, &#8220;K\u00f6y\u00fcm\u00fczde ba\u015fka ge\u00e7im kayna\u011f\u0131m\u0131z yok. Bu y\u0131l da \u00fcr\u00fcn \u00e7ok g\u00fczel. Ama bu g\u00fczelli\u011fi ya\u015fatacak su yok. Kovada Kanal\u0131\u2019na cebri boru d\u00f6\u015fenirse 3 ay k\u00f6ylerimiz sulama yapar, kalan 9 ayda E\u011firdir G\u00f6l\u00fc beslenir&#8221; dedi.<\/p>\n<p>&#8220;Ge\u00e7en y\u0131l k\u0131t kanaat ge\u00e7tik, bu y\u0131l su yok&#8221;<br \/>\n<br \/>Tepeli K\u00f6y\u00fc Tar\u0131msal Kalk\u0131nma Kooperatifi Ba\u015fkan\u0131 \u0130rfan \u00c7atal ise, \u00fcreticilerin \u00e7o\u011funun damla sulama sistemine ge\u00e7ti\u011fini ancak suyun olmamas\u0131 nedeniyle bu sistemin de \u00e7al\u0131\u015fmad\u0131\u011f\u0131n\u0131 s\u00f6yledi. \u00c7atal, &#8220;Ge\u00e7en y\u0131l az suyla idare ettik. Bu y\u0131l daha \u00e7ok \u00fcr\u00fcn var ama hi\u00e7 su yok. E\u011firdir G\u00f6l\u00fc\u2019nden en az \u00fc\u00e7 defa sulama yap\u0131lmazsa so\u011fuk hava depolar\u0131m\u0131z bo\u015f kalacak. T\u00fcccarlar bile art\u0131k su olan k\u00f6ylere gidiyor, susuz k\u00f6ylere u\u011fram\u0131yor. Elmac\u0131l\u0131k biterse k\u00f6y\u00fcm\u00fcz biter&#8221; diye konu\u015ftu.<\/p>\n<p>&#8220;Bah\u00e7elerimizde su yok, g\u00f6l\u00fcm\u00fcz de bitmek \u00fczere&#8221;<br \/>\n<br \/>Bah\u00e7elerinin hi\u00e7bir yerinde su olmad\u0131\u011f\u0131 belirten \u00c7ift\u00e7i Abide Kaya, &#8220;G\u00f6letimiz var ama yetersiz. Baraj yap\u0131l\u0131rsa b\u00fct\u00fcn k\u00f6ylere su sa\u011flanabilir. Ayr\u0131ca bu suyun kapal\u0131 sistemle ta\u015f\u0131nmas\u0131n\u0131 istiyoruz. A\u00e7\u0131k kanallarda su kayb\u0131 \u00e7ok fazla oluyor. Kapal\u0131 sistem hem k\u00f6y\u00fcm\u00fcz\u00fc hem de E\u011firdir G\u00f6l\u00fc\u2019n\u00fc besleyecek. \u015eu an de\u011firmeni d\u00f6nd\u00fcrmek i\u00e7in avu\u00e7la su ta\u015f\u0131yoruz&#8221; ifadelerini kulland\u0131.<br \/>\n<br \/>Bo\u011fazova\u2019da elman\u0131n ailelerin ge\u00e7im kayna\u011f\u0131 oldu\u011funu, Rusya, Almanya, \u0130talya gibi \u00fclkelere de ihra\u00e7 edildi\u011fini belirten \u00fcreticiler, su gelmezse \u00fcr\u00fcnlerin heba olaca\u011f\u0131n\u0131 s\u00f6yledi.<br \/>\n<br \/>\u00c7ift\u00e7iler, E\u011firdir G\u00f6l\u00fc\u2019nden kapal\u0131 sulama sistemiyle su temin edilmesini, k\u0131\u015f\u0131n akan sularla hem g\u00f6l hem tar\u0131m arazilerinin beslenmesini talep etti.<br \/><\/p>\n","protected":false},"excerpt":{"rendered":"<p>Isparta\u2019n\u0131n E\u011firdir il\u00e7esine ba\u011fl\u0131 Tepeli k\u00f6y\u00fcnde ya\u015fanan su s\u0131k\u0131nt\u0131s\u0131, elma \u00fcreticilerini zora soktu. Elma bah\u00e7eleri i\u00e7in da\u011flardan ya da k\u00f6y i\u00e7i kaynaklardan trakt\u00f6rlerle su ta\u015f\u0131yan \u00fcreticiler, artan kurakl\u0131k ve yetersiz sulama altyap\u0131s\u0131 nedeniyle \u00fcr\u00fcnlerini kaybetme riskiyle kar\u015f\u0131 kar\u015f\u0131ya kald\u0131klar\u0131n\u0131 s\u00f6yledi. T\u00fcrkiye\u2019nin en verimli elma \u00fcretim b\u00f6lgelerinden biri olan Bo\u011fazova Ovas\u0131\u2019nda \u00e7ift\u00e7iler, artan kurakl\u0131k ve yetersiz&#8230;<\/p>\n","protected":false},"author":1,"featured_media":39715,"comment_status":"open","ping_status":"open","sticky":false,"template":"","format":"standard","meta":{"_crdt_document":"","footnotes":""},"categories":[1],"tags":[],"class_list":["post-39714","post","type-post","status-publish","format-standard","has-post-thumbnail","hentry","category-guncel"],"_links":{"self":[{"href":"https:\/\/www.egemtv.com\/index.php?rest_route=\/wp\/v2\/posts\/39714","targetHints":{"allow":["GET"]}}],"collection":[{"href":"https:\/\/www.egemtv.com\/index.php?rest_route=\/wp\/v2\/posts"}],"about":[{"href":"https:\/\/www.egemtv.com\/index.php?rest_route=\/wp\/v2\/types\/post"}],"author":[{"embeddable":true,"href":"https:\/\/www.egemtv.com\/index.php?rest_route=\/wp\/v2\/users\/1"}],"replies":[{"embeddable":true,"href":"https:\/\/www.egemtv.com\/index.php?rest_route=%2Fwp%2Fv2%2Fcomments&post=39714"}],"version-history":[{"count":1,"href":"https:\/\/www.egemtv.com\/index.php?rest_route=\/wp\/v2\/posts\/39714\/revisions"}],"predecessor-version":[{"id":39716,"href":"https:\/\/www.egemtv.com\/index.php?rest_route=\/wp\/v2\/posts\/39714\/revisions\/39716"}],"wp:featuredmedia":[{"embeddable":true,"href":"https:\/\/www.egemtv.com\/index.php?rest_route=\/wp\/v2\/media\/39715"}],"wp:attachment":[{"href":"https:\/\/www.egemtv.com\/index.php?rest_route=%2Fwp%2Fv2%2Fmedia&parent=39714"}],"wp:term":[{"taxonomy":"category","embeddable":true,"href":"https:\/\/www.egemtv.com\/index.php?rest_route=%2Fwp%2Fv2%2Fcategories&post=39714"},{"taxonomy":"post_tag","embeddable":true,"href":"https:\/\/www.egemtv.com\/index.php?rest_route=%2Fwp%2Fv2%2Ftags&post=39714"}],"curies":[{"name":"wp","href":"https:\/\/api.w.org\/{rel}","templated":true}]}}