{"id":39711,"date":"2025-07-03T20:55:43","date_gmt":"2025-07-03T17:55:43","guid":{"rendered":"https:\/\/www.egemtv.com\/?p=39711"},"modified":"2025-07-03T20:55:47","modified_gmt":"2025-07-03T17:55:47","slug":"bucadaki-orman-yanginiyla-ilgili-2-supheli-gozaltina-alindi","status":"publish","type":"post","link":"https:\/\/www.egemtv.com\/?p=39711","title":{"rendered":"Buca\u2019daki orman yang\u0131n\u0131yla ilgili 2 \u015f\u00fcpheli g\u00f6zalt\u0131na al\u0131nd\u0131"},"content":{"rendered":"<p>\u0130zmir\u2019in Buca il\u00e7esinde \u00e7\u0131kan orman yang\u0131n\u0131na ekiplerin m\u00fcdahalesi devam ederken, dumandan etkilenen 3 orman i\u015f\u00e7isi tedavi alt\u0131na al\u0131nd\u0131. Yang\u0131nla ilgili jandarma taraf\u0131ndan 2 \u015f\u00fcphelinin g\u00f6zalt\u0131na al\u0131nd\u0131\u011f\u0131 \u00f6\u011frenildi.<br \/>\n<br \/>\u00c7e\u015fme ver \u00d6demi\u015f\u2019te orman yang\u0131nlar\u0131yla m\u00fccadele eden \u0130zmir\u2019de bir yang\u0131n da Buca il\u00e7esinde \u00e7\u0131kt\u0131. Saat 15.50 s\u0131ralar\u0131nda Buca il\u00e7esi Zafer Mahallesi Kaynaklar mevkiinde ba\u015flayan yang\u0131na \u0130zmir Orman B\u00f6lge M\u00fcd\u00fcrl\u00fc\u011f\u00fc\u2019ne ba\u011fl\u0131; 3 u\u00e7ak, 4 helikopter, 16 araz\u00f6z, 3 su ikmal ve 1 dozer ile m\u00fcdahale devam ederken, yang\u0131nda dumandan etkilenen 3 orman i\u015f\u00e7isi b\u00f6lgedeki ambulanslarda tedavi alt\u0131na al\u0131nd\u0131.<br \/>\n<br \/>B\u00f6lgedeki bir yap\u0131m\u0131 devam eden bir in\u015faatta kullan\u0131lacak demirleri spiral makinesiyle kesti\u011fi esnada \u00e7\u0131kan k\u0131v\u0131lc\u0131mlarla yang\u0131na sebep oldu\u011fu gerek\u00e7esiyle 2 \u015f\u00fcphelinin ise g\u00f6zalt\u0131na al\u0131nd\u0131\u011f\u0131 ve jandarmada sorgular\u0131n\u0131n devam etti\u011fi \u00f6\u011frenildi.<br \/><\/p>\n","protected":false},"excerpt":{"rendered":"<p>\u0130zmir\u2019in Buca il\u00e7esinde \u00e7\u0131kan orman yang\u0131n\u0131na ekiplerin m\u00fcdahalesi devam ederken, dumandan etkilenen 3 orman i\u015f\u00e7isi tedavi alt\u0131na al\u0131nd\u0131. Yang\u0131nla ilgili jandarma taraf\u0131ndan 2 \u015f\u00fcphelinin g\u00f6zalt\u0131na al\u0131nd\u0131\u011f\u0131 \u00f6\u011frenildi. \u00c7e\u015fme ver \u00d6demi\u015f\u2019te orman yang\u0131nlar\u0131yla m\u00fccadele eden \u0130zmir\u2019de bir yang\u0131n da Buca il\u00e7esinde \u00e7\u0131kt\u0131. Saat 15.50 s\u0131ralar\u0131nda Buca il\u00e7esi Zafer Mahallesi Kaynaklar mevkiinde ba\u015flayan yang\u0131na \u0130zmir Orman B\u00f6lge&#8230;<\/p>\n","protected":false},"author":1,"featured_media":39712,"comment_status":"open","ping_status":"open","sticky":false,"template":"","format":"standard","meta":{"_crdt_document":"","footnotes":""},"categories":[5],"tags":[],"class_list":["post-39711","post","type-post","status-publish","format-standard","has-post-thumbnail","hentry","category-asayis"],"_links":{"self":[{"href":"https:\/\/www.egemtv.com\/index.php?rest_route=\/wp\/v2\/posts\/39711","targetHints":{"allow":["GET"]}}],"collection":[{"href":"https:\/\/www.egemtv.com\/index.php?rest_route=\/wp\/v2\/posts"}],"about":[{"href":"https:\/\/www.egemtv.com\/index.php?rest_route=\/wp\/v2\/types\/post"}],"author":[{"embeddable":true,"href":"https:\/\/www.egemtv.com\/index.php?rest_route=\/wp\/v2\/users\/1"}],"replies":[{"embeddable":true,"href":"https:\/\/www.egemtv.com\/index.php?rest_route=%2Fwp%2Fv2%2Fcomments&post=39711"}],"version-history":[{"count":1,"href":"https:\/\/www.egemtv.com\/index.php?rest_route=\/wp\/v2\/posts\/39711\/revisions"}],"predecessor-version":[{"id":39713,"href":"https:\/\/www.egemtv.com\/index.php?rest_route=\/wp\/v2\/posts\/39711\/revisions\/39713"}],"wp:featuredmedia":[{"embeddable":true,"href":"https:\/\/www.egemtv.com\/index.php?rest_route=\/wp\/v2\/media\/39712"}],"wp:attachment":[{"href":"https:\/\/www.egemtv.com\/index.php?rest_route=%2Fwp%2Fv2%2Fmedia&parent=39711"}],"wp:term":[{"taxonomy":"category","embeddable":true,"href":"https:\/\/www.egemtv.com\/index.php?rest_route=%2Fwp%2Fv2%2Fcategories&post=39711"},{"taxonomy":"post_tag","embeddable":true,"href":"https:\/\/www.egemtv.com\/index.php?rest_route=%2Fwp%2Fv2%2Ftags&post=39711"}],"curies":[{"name":"wp","href":"https:\/\/api.w.org\/{rel}","templated":true}]}}