{"id":39708,"date":"2025-07-03T20:15:33","date_gmt":"2025-07-03T17:15:33","guid":{"rendered":"https:\/\/www.egemtv.com\/?p=39708"},"modified":"2025-07-03T20:15:37","modified_gmt":"2025-07-03T17:15:37","slug":"esnafa-silahli-saldiri-gerceklestiren-sahsi-vatandaslar-yakalayip-darbetti","status":"publish","type":"post","link":"https:\/\/www.egemtv.com\/?p=39708","title":{"rendered":"Esnafa silahl\u0131 sald\u0131r\u0131 ger\u00e7ekle\u015ftiren \u015fahs\u0131 vatanda\u015flar yakalay\u0131p darbetti"},"content":{"rendered":"<p>Mu\u011fla\u2019n\u0131n Milas il\u00e7esinde tart\u0131\u015ft\u0131\u011f\u0131 i\u015fletme sahibini silahla vuran \u015fah\u0131s, ka\u00e7maya \u00e7al\u0131\u015ft\u0131\u011f\u0131 esnada \u00e7evredeki vatanda\u015flar taraf\u0131ndan yakalanarak darbedildi. O anlar kameraya yans\u0131d\u0131.<br \/>\n<br \/>Olay, Milas il\u00e7esi \u00d6ren Mahallesi Yal\u0131 mevkiinde gece saatlerinde meydana geldi. Edinilen bilgiye g\u00f6re M.E.G. isimli \u015fah\u0131s, ya\u015fanan s\u00f6zl\u00fc tart\u0131\u015fman\u0131n ard\u0131ndan i\u015fletme sahibi G.K.\u2019yi tabanca ile sa\u011f baca\u011f\u0131ndan vurarak yaralad\u0131. Silah seslerinin ard\u0131ndan olay yerinde bulunan i\u015fletme \u00e7al\u0131\u015fanlar\u0131, sald\u0131r\u0131y\u0131 ger\u00e7ekle\u015ftiren M.E.G.\u2019yi yakalay\u0131p darbederek etkisiz hale getirdi. \u0130hbar \u00fczerine k\u0131sa s\u00fcrede olay yerine gelen jandarma ekipleri, hem sald\u0131rgan\u0131 hem de olaya kar\u0131\u015ft\u0131\u011f\u0131 belirlenen di\u011fer \u015f\u00fcphelileri g\u00f6zalt\u0131na ald\u0131. Olayda kullan\u0131lan tabanca da ele ge\u00e7irilerek muhafaza alt\u0131na al\u0131nd\u0131. Olay yerindeki ilk m\u00fcdahalenin ard\u0131ndan hastaneye kald\u0131r\u0131lan yaral\u0131 G.K.\u2019nin ise hayati tehlikesinin bulunmad\u0131\u011f\u0131 ve tedavisinin s\u00fcrd\u00fc\u011f\u00fc \u00f6\u011frenildi. Olayla ilgili soru\u015fturma s\u00fcr\u00fcyor.<br \/>\n<br \/>\u0130\u015fletme sahibi G.K.\u2019yi vurduktan sonra olay yerinden ka\u00e7maya \u00e7al\u0131\u015fan M.E.G.\u2019nin yakalanarak darbedildi\u011fi anlar\u0131 ise anbean kameralara yans\u0131d\u0131.<br \/><\/p>\n","protected":false},"excerpt":{"rendered":"<p>Mu\u011fla\u2019n\u0131n Milas il\u00e7esinde tart\u0131\u015ft\u0131\u011f\u0131 i\u015fletme sahibini silahla vuran \u015fah\u0131s, ka\u00e7maya \u00e7al\u0131\u015ft\u0131\u011f\u0131 esnada \u00e7evredeki vatanda\u015flar taraf\u0131ndan yakalanarak darbedildi. O anlar kameraya yans\u0131d\u0131. Olay, Milas il\u00e7esi \u00d6ren Mahallesi Yal\u0131 mevkiinde gece saatlerinde meydana geldi. Edinilen bilgiye g\u00f6re M.E.G. isimli \u015fah\u0131s, ya\u015fanan s\u00f6zl\u00fc tart\u0131\u015fman\u0131n ard\u0131ndan i\u015fletme sahibi G.K.\u2019yi tabanca ile sa\u011f baca\u011f\u0131ndan vurarak yaralad\u0131. Silah seslerinin ard\u0131ndan olay&#8230;<\/p>\n","protected":false},"author":1,"featured_media":39709,"comment_status":"open","ping_status":"open","sticky":false,"template":"","format":"standard","meta":{"_crdt_document":"","footnotes":""},"categories":[5],"tags":[],"class_list":["post-39708","post","type-post","status-publish","format-standard","has-post-thumbnail","hentry","category-asayis"],"_links":{"self":[{"href":"https:\/\/www.egemtv.com\/index.php?rest_route=\/wp\/v2\/posts\/39708","targetHints":{"allow":["GET"]}}],"collection":[{"href":"https:\/\/www.egemtv.com\/index.php?rest_route=\/wp\/v2\/posts"}],"about":[{"href":"https:\/\/www.egemtv.com\/index.php?rest_route=\/wp\/v2\/types\/post"}],"author":[{"embeddable":true,"href":"https:\/\/www.egemtv.com\/index.php?rest_route=\/wp\/v2\/users\/1"}],"replies":[{"embeddable":true,"href":"https:\/\/www.egemtv.com\/index.php?rest_route=%2Fwp%2Fv2%2Fcomments&post=39708"}],"version-history":[{"count":1,"href":"https:\/\/www.egemtv.com\/index.php?rest_route=\/wp\/v2\/posts\/39708\/revisions"}],"predecessor-version":[{"id":39710,"href":"https:\/\/www.egemtv.com\/index.php?rest_route=\/wp\/v2\/posts\/39708\/revisions\/39710"}],"wp:featuredmedia":[{"embeddable":true,"href":"https:\/\/www.egemtv.com\/index.php?rest_route=\/wp\/v2\/media\/39709"}],"wp:attachment":[{"href":"https:\/\/www.egemtv.com\/index.php?rest_route=%2Fwp%2Fv2%2Fmedia&parent=39708"}],"wp:term":[{"taxonomy":"category","embeddable":true,"href":"https:\/\/www.egemtv.com\/index.php?rest_route=%2Fwp%2Fv2%2Fcategories&post=39708"},{"taxonomy":"post_tag","embeddable":true,"href":"https:\/\/www.egemtv.com\/index.php?rest_route=%2Fwp%2Fv2%2Ftags&post=39708"}],"curies":[{"name":"wp","href":"https:\/\/api.w.org\/{rel}","templated":true}]}}