{"id":39705,"date":"2025-07-03T20:15:28","date_gmt":"2025-07-03T17:15:28","guid":{"rendered":"https:\/\/www.egemtv.com\/?p=39705"},"modified":"2025-07-03T20:15:33","modified_gmt":"2025-07-03T17:15:33","slug":"bayraklida-apartmanda-yangin-panigi","status":"publish","type":"post","link":"https:\/\/www.egemtv.com\/?p=39705","title":{"rendered":"Bayrakl\u0131\u2019da apartmanda yang\u0131n pani\u011fi"},"content":{"rendered":"<p>\u0130zmir\u2019in Bayrakl\u0131 il\u00e7esinde 6 katl\u0131 bir binan\u0131n \u00fc\u00e7\u00fcnc\u00fc kat\u0131nda \u00e7\u0131kan yang\u0131n, pani\u011fe neden olurken evde b\u00fcy\u00fck \u00e7apta maddi hasar meydana geldi.<br \/>\n<br \/>Yang\u0131n, saat 18.30 s\u0131ralar\u0131nda Fuat Edip Baks\u0131 Mahallesi Zeki Yava\u015f Sokak\u2019ta bulunan 6 katl\u0131 bir binan\u0131n \u00fc\u00e7\u00fcnc\u00fc kat\u0131nda \u00e7\u0131kt\u0131. \u00c7\u0131k\u0131\u015f nedeni hen\u00fcz belirlenemeyen yang\u0131n, k\u0131sa s\u00fcrede b\u00fcy\u00fcyerek t\u00fcm daireyi sard\u0131. Dumanlar\u0131 fark eden \u00e7evre sakinleri durumu 112 Acil \u00c7a\u011fr\u0131 Merkezi\u2019ne bildirdi. \u0130hbar \u00fczerine b\u00f6lgeye itfaiye, sa\u011fl\u0131k ve polis ekibi sevk edildi. \u0130tfaiye ekiplerinin m\u00fcdahalesiyle yang\u0131n kontrol alt\u0131na al\u0131narak s\u00f6nd\u00fcr\u00fcld\u00fc. Yang\u0131nda can kayb\u0131 ya\u015fanmazken \u00fc\u00e7\u00fcnc\u00fc kat b\u00fcy\u00fck bir maddi hasar meydana geldi. Bir \u00fcst kat olan d\u00f6rd\u00fcnc\u00fc kat\u0131n ise alevlerden dolay\u0131 balkonundaki plastik panjurlar eriyerek soka\u011fa d\u00fc\u015ft\u00fc. Yang\u0131nla ilgili ba\u015flat\u0131lan soru\u015fturma s\u00fcr\u00fcyor.<br \/>\n<br \/>\u00d6te yandan yang\u0131n s\u0131ras\u0131nda d\u0131\u015far\u0131da olan ev sahibi Neriman \u015e\u0131k (65), evinde yang\u0131n\u0131n ne sebeple \u00e7\u0131kt\u0131\u011f\u0131n\u0131 bilmedi\u011fini ifade etti.<br \/><\/p>\n","protected":false},"excerpt":{"rendered":"<p>\u0130zmir\u2019in Bayrakl\u0131 il\u00e7esinde 6 katl\u0131 bir binan\u0131n \u00fc\u00e7\u00fcnc\u00fc kat\u0131nda \u00e7\u0131kan yang\u0131n, pani\u011fe neden olurken evde b\u00fcy\u00fck \u00e7apta maddi hasar meydana geldi. Yang\u0131n, saat 18.30 s\u0131ralar\u0131nda Fuat Edip Baks\u0131 Mahallesi Zeki Yava\u015f Sokak\u2019ta bulunan 6 katl\u0131 bir binan\u0131n \u00fc\u00e7\u00fcnc\u00fc kat\u0131nda \u00e7\u0131kt\u0131. \u00c7\u0131k\u0131\u015f nedeni hen\u00fcz belirlenemeyen yang\u0131n, k\u0131sa s\u00fcrede b\u00fcy\u00fcyerek t\u00fcm daireyi sard\u0131. Dumanlar\u0131 fark eden \u00e7evre&#8230;<\/p>\n","protected":false},"author":1,"featured_media":39706,"comment_status":"open","ping_status":"open","sticky":false,"template":"","format":"standard","meta":{"_crdt_document":"","footnotes":""},"categories":[5],"tags":[],"class_list":["post-39705","post","type-post","status-publish","format-standard","has-post-thumbnail","hentry","category-asayis"],"_links":{"self":[{"href":"https:\/\/www.egemtv.com\/index.php?rest_route=\/wp\/v2\/posts\/39705","targetHints":{"allow":["GET"]}}],"collection":[{"href":"https:\/\/www.egemtv.com\/index.php?rest_route=\/wp\/v2\/posts"}],"about":[{"href":"https:\/\/www.egemtv.com\/index.php?rest_route=\/wp\/v2\/types\/post"}],"author":[{"embeddable":true,"href":"https:\/\/www.egemtv.com\/index.php?rest_route=\/wp\/v2\/users\/1"}],"replies":[{"embeddable":true,"href":"https:\/\/www.egemtv.com\/index.php?rest_route=%2Fwp%2Fv2%2Fcomments&post=39705"}],"version-history":[{"count":1,"href":"https:\/\/www.egemtv.com\/index.php?rest_route=\/wp\/v2\/posts\/39705\/revisions"}],"predecessor-version":[{"id":39707,"href":"https:\/\/www.egemtv.com\/index.php?rest_route=\/wp\/v2\/posts\/39705\/revisions\/39707"}],"wp:featuredmedia":[{"embeddable":true,"href":"https:\/\/www.egemtv.com\/index.php?rest_route=\/wp\/v2\/media\/39706"}],"wp:attachment":[{"href":"https:\/\/www.egemtv.com\/index.php?rest_route=%2Fwp%2Fv2%2Fmedia&parent=39705"}],"wp:term":[{"taxonomy":"category","embeddable":true,"href":"https:\/\/www.egemtv.com\/index.php?rest_route=%2Fwp%2Fv2%2Fcategories&post=39705"},{"taxonomy":"post_tag","embeddable":true,"href":"https:\/\/www.egemtv.com\/index.php?rest_route=%2Fwp%2Fv2%2Ftags&post=39705"}],"curies":[{"name":"wp","href":"https:\/\/api.w.org\/{rel}","templated":true}]}}