{"id":39702,"date":"2025-07-03T19:35:33","date_gmt":"2025-07-03T16:35:33","guid":{"rendered":"https:\/\/www.egemtv.com\/?p=39702"},"modified":"2025-07-03T19:35:38","modified_gmt":"2025-07-03T16:35:38","slug":"vali-ozkan-gelecek-nesillerimizin-korunmasi-en-onemli-hedefimizdir","status":"publish","type":"post","link":"https:\/\/www.egemtv.com\/?p=39702","title":{"rendered":"Vali \u00d6zkan: &#8220;Gelecek nesillerimizin korunmas\u0131 en \u00f6nemli hedefimizdir&#8221;"},"content":{"rendered":"<p>Ba\u011f\u0131ml\u0131l\u0131kla m\u00fccadele \u00e7al\u0131\u015fmalar\u0131n\u0131n etkin ve koordineli bir \u015fekilde y\u00fcr\u00fct\u00fclmesi amac\u0131yla yap\u0131lan Ba\u011f\u0131ml\u0131l\u0131kla M\u00fccadele \u0130l Koordinasyon Kurulu Toplant\u0131s\u0131, Vali Vahdettin \u00d6zkan ba\u015fkanl\u0131\u011f\u0131nda ger\u00e7ekle\u015ftirildi.<br \/>\n<br \/>&#8220;Gelecek nesillerimizin korunmas\u0131 i\u00e7in \u00e7ocuklar\u0131m\u0131z\u0131n ve gen\u00e7lerimizin zararl\u0131 maddelerden muhafaza edilmesi, kamu otoritelerinin en \u00f6nemli hedefidir&#8221; diyen Vali \u00d6zkan, bu ba\u011flamda ba\u011f\u0131ml\u0131l\u0131kla m\u00fccadele konusunda t\u00fcm kurumlar\u0131n koordineli ve hassas bir \u015fekilde haz\u0131rlanan Ba\u011f\u0131ml\u0131l\u0131kla M\u00fccadele Eylem Plan\u0131 \u00e7er\u00e7evesinde \u00e7al\u0131\u015fmalar\u0131n\u0131 y\u00fcr\u00fctmesi gere\u011finin alt\u0131n\u0131 \u00e7izdi. Ba\u011f\u0131ml\u0131l\u0131kla m\u00fccadelenin herkesin en \u00f6nemli g\u00f6revi oldu\u011funu s\u00f6yleyen Vali \u00d6zkan &#8220;\u00d6\u011fretmenler, aile hekimleri, imamlar, muhtarlar tek tek ailelerle ileti\u015fime ge\u00e7erek ba\u011f\u0131ml\u0131l\u0131kla m\u00fccadele konusunda fark\u0131ndal\u0131k olu\u015fturmak amac\u0131yla \u00e7al\u0131\u015fmalar\u0131n\u0131 y\u00fcr\u00fctmelidir. Bu \u00e7al\u0131\u015fmalarda sosyo-k\u00fclt\u00fcrel yap\u0131n\u0131n ve ailenin durumunun da g\u00f6z \u00f6n\u00fcnde bulundurulmas\u0131 gerekmektedir&#8221; dedi.<br \/>\n<br \/>Teknolojinin geli\u015fmesi ile elimizdeki telefonla d\u00fcnyan\u0131n her k\u00f6\u015fesine, her bilgiye ula\u015fabildi\u011fimizi ve bu sebeple \u00e7ocuklar\u0131m\u0131z\u0131n daha b\u00fcy\u00fck bir risk alt\u0131nda oldu\u011funu vurgulayan Vali \u00d6zkan, anne ve babalar\u0131n daha duyarl\u0131 olmas\u0131 ve bu riskin fark\u0131nda olarak hareket etmeleri gerekti\u011fini s\u00f6yledi.<br \/>\n<br \/>Vali \u00d6zkan, konu\u015fmas\u0131na \u015f\u00f6yle devam etti: &#8220;Gen\u00e7li\u011fimizi ve toplumumuzu tehdit eden bu sorunun \u00e7\u00f6z\u00fclmesi, bilin\u00e7li ve sa\u011fl\u0131kl\u0131 bir gelecek nesil olu\u015fturma noktas\u0131nda t\u00fcm kurumlar\u0131m\u0131z\u0131n koordineli bir \u015fekilde \u00e7al\u0131\u015fmalar\u0131n\u0131 y\u00fcr\u00fctmeleri \u00f6nem arz etmektedir. Ba\u011f\u0131ml\u0131l\u0131kla M\u00fccadele Koordinasyon Kurulu Toplant\u0131m\u0131z\u0131n da en \u00f6nemli amac\u0131 bu koordinasyonu sa\u011flamak, madde ba\u011f\u0131ml\u0131l\u0131\u011f\u0131n\u0131n azalt\u0131lmas\u0131 ve \u00f6nlenmesi, ba\u011f\u0131ml\u0131l\u0131kla m\u00fccadele faaliyetlerinin etkin bir \u015fekilde y\u00fcr\u00fct\u00fclmesi, madde ba\u011f\u0131ml\u0131lar\u0131n\u0131n rehabilitasyonuna y\u00f6nelik \u00e7al\u0131\u015fmalar\u0131 de\u011ferlendirmektir. Sa\u011fl\u0131kl\u0131 toplumun muhafazas\u0131 ile devam\u0131 i\u00e7in ba\u011f\u0131ml\u0131l\u0131k ve zararl\u0131 al\u0131\u015fkanl\u0131ktan uzak bir gelecek diliyor, toplant\u0131m\u0131z\u0131n hay\u0131rlara vesile olmas\u0131n\u0131 temenni ediyorum&#8221;<br \/>\n<br \/>Toplant\u0131 ba\u011f\u0131ml\u0131l\u0131kla m\u00fccadelede al\u0131nmas\u0131 gereken tedbirler ve yap\u0131lmas\u0131 gereken \u00e7al\u0131\u015fmalara ili\u015fkin g\u00f6r\u00fc\u015f ve \u00f6nerilerin al\u0131nmas\u0131yla sona erdi.<br \/><\/p>\n","protected":false},"excerpt":{"rendered":"<p>Ba\u011f\u0131ml\u0131l\u0131kla m\u00fccadele \u00e7al\u0131\u015fmalar\u0131n\u0131n etkin ve koordineli bir \u015fekilde y\u00fcr\u00fct\u00fclmesi amac\u0131yla yap\u0131lan Ba\u011f\u0131ml\u0131l\u0131kla M\u00fccadele \u0130l Koordinasyon Kurulu Toplant\u0131s\u0131, Vali Vahdettin \u00d6zkan ba\u015fkanl\u0131\u011f\u0131nda ger\u00e7ekle\u015ftirildi. &#8220;Gelecek nesillerimizin korunmas\u0131 i\u00e7in \u00e7ocuklar\u0131m\u0131z\u0131n ve gen\u00e7lerimizin zararl\u0131 maddelerden muhafaza edilmesi, kamu otoritelerinin en \u00f6nemli hedefidir&#8221; diyen Vali \u00d6zkan, bu ba\u011flamda ba\u011f\u0131ml\u0131l\u0131kla m\u00fccadele konusunda t\u00fcm kurumlar\u0131n koordineli ve hassas bir \u015fekilde haz\u0131rlanan Ba\u011f\u0131ml\u0131l\u0131kla&#8230;<\/p>\n","protected":false},"author":1,"featured_media":39703,"comment_status":"open","ping_status":"open","sticky":false,"template":"","format":"standard","meta":{"_crdt_document":"","footnotes":""},"categories":[123],"tags":[],"class_list":["post-39702","post","type-post","status-publish","format-standard","has-post-thumbnail","hentry","category-gundem"],"_links":{"self":[{"href":"https:\/\/www.egemtv.com\/index.php?rest_route=\/wp\/v2\/posts\/39702","targetHints":{"allow":["GET"]}}],"collection":[{"href":"https:\/\/www.egemtv.com\/index.php?rest_route=\/wp\/v2\/posts"}],"about":[{"href":"https:\/\/www.egemtv.com\/index.php?rest_route=\/wp\/v2\/types\/post"}],"author":[{"embeddable":true,"href":"https:\/\/www.egemtv.com\/index.php?rest_route=\/wp\/v2\/users\/1"}],"replies":[{"embeddable":true,"href":"https:\/\/www.egemtv.com\/index.php?rest_route=%2Fwp%2Fv2%2Fcomments&post=39702"}],"version-history":[{"count":1,"href":"https:\/\/www.egemtv.com\/index.php?rest_route=\/wp\/v2\/posts\/39702\/revisions"}],"predecessor-version":[{"id":39704,"href":"https:\/\/www.egemtv.com\/index.php?rest_route=\/wp\/v2\/posts\/39702\/revisions\/39704"}],"wp:featuredmedia":[{"embeddable":true,"href":"https:\/\/www.egemtv.com\/index.php?rest_route=\/wp\/v2\/media\/39703"}],"wp:attachment":[{"href":"https:\/\/www.egemtv.com\/index.php?rest_route=%2Fwp%2Fv2%2Fmedia&parent=39702"}],"wp:term":[{"taxonomy":"category","embeddable":true,"href":"https:\/\/www.egemtv.com\/index.php?rest_route=%2Fwp%2Fv2%2Fcategories&post=39702"},{"taxonomy":"post_tag","embeddable":true,"href":"https:\/\/www.egemtv.com\/index.php?rest_route=%2Fwp%2Fv2%2Ftags&post=39702"}],"curies":[{"name":"wp","href":"https:\/\/api.w.org\/{rel}","templated":true}]}}