{"id":39699,"date":"2025-07-03T19:15:22","date_gmt":"2025-07-03T16:15:22","guid":{"rendered":"https:\/\/www.egemtv.com\/?p=39699"},"modified":"2025-07-03T19:15:26","modified_gmt":"2025-07-03T16:15:26","slug":"bucada-orman-yangini","status":"publish","type":"post","link":"https:\/\/www.egemtv.com\/?p=39699","title":{"rendered":"Buca\u2019da orman yang\u0131n\u0131"},"content":{"rendered":"<p>\u0130zmir\u2019in Buca il\u00e7esinde Kaynaklar mevkiinde ormanl\u0131k alanda yang\u0131n \u00e7\u0131kt\u0131. R\u00fczgar\u0131n etkisiyle b\u00fcy\u00fcyen yang\u0131na havadan ve karadan m\u00fcdahale devam ediyor.<br \/>\n<br \/>Yang\u0131n, saat 15.50 s\u0131ralar\u0131nda Buca il\u00e7esi Zafer Mahallesi\u2019nde meydana geldi. Hen\u00fcz belirlenemeyen bir sebepten dolay\u0131 ormanl\u0131k alanda alevlerin y\u00fckseldi\u011fini g\u00f6ren vatanda\u015flar durumu 112 Acil \u00c7a\u011fr\u0131 Merkezine bildirdi. \u0130hbar \u00fczerine b\u00f6lgeye \u0130zmir Orman B\u00f6lge M\u00fcd\u00fcrl\u00fc\u011f\u00fc\u2019ne ba\u011fl\u0131; 3 u\u00e7ak, 3 helikopter, 16 araz\u00f6z, 3 su ikmal ve 1 dozer sevk edildi. Ekiplerin alevlere m\u00fcdahalesi havadan ve karadan devam ediyor.<br \/><\/p>\n","protected":false},"excerpt":{"rendered":"<p>\u0130zmir\u2019in Buca il\u00e7esinde Kaynaklar mevkiinde ormanl\u0131k alanda yang\u0131n \u00e7\u0131kt\u0131. R\u00fczgar\u0131n etkisiyle b\u00fcy\u00fcyen yang\u0131na havadan ve karadan m\u00fcdahale devam ediyor. Yang\u0131n, saat 15.50 s\u0131ralar\u0131nda Buca il\u00e7esi Zafer Mahallesi\u2019nde meydana geldi. Hen\u00fcz belirlenemeyen bir sebepten dolay\u0131 ormanl\u0131k alanda alevlerin y\u00fckseldi\u011fini g\u00f6ren vatanda\u015flar durumu 112 Acil \u00c7a\u011fr\u0131 Merkezine bildirdi. \u0130hbar \u00fczerine b\u00f6lgeye \u0130zmir Orman B\u00f6lge M\u00fcd\u00fcrl\u00fc\u011f\u00fc\u2019ne ba\u011fl\u0131; 3&#8230;<\/p>\n","protected":false},"author":1,"featured_media":39700,"comment_status":"open","ping_status":"open","sticky":false,"template":"","format":"standard","meta":{"_crdt_document":"","footnotes":""},"categories":[5],"tags":[],"class_list":["post-39699","post","type-post","status-publish","format-standard","has-post-thumbnail","hentry","category-asayis"],"_links":{"self":[{"href":"https:\/\/www.egemtv.com\/index.php?rest_route=\/wp\/v2\/posts\/39699","targetHints":{"allow":["GET"]}}],"collection":[{"href":"https:\/\/www.egemtv.com\/index.php?rest_route=\/wp\/v2\/posts"}],"about":[{"href":"https:\/\/www.egemtv.com\/index.php?rest_route=\/wp\/v2\/types\/post"}],"author":[{"embeddable":true,"href":"https:\/\/www.egemtv.com\/index.php?rest_route=\/wp\/v2\/users\/1"}],"replies":[{"embeddable":true,"href":"https:\/\/www.egemtv.com\/index.php?rest_route=%2Fwp%2Fv2%2Fcomments&post=39699"}],"version-history":[{"count":1,"href":"https:\/\/www.egemtv.com\/index.php?rest_route=\/wp\/v2\/posts\/39699\/revisions"}],"predecessor-version":[{"id":39701,"href":"https:\/\/www.egemtv.com\/index.php?rest_route=\/wp\/v2\/posts\/39699\/revisions\/39701"}],"wp:featuredmedia":[{"embeddable":true,"href":"https:\/\/www.egemtv.com\/index.php?rest_route=\/wp\/v2\/media\/39700"}],"wp:attachment":[{"href":"https:\/\/www.egemtv.com\/index.php?rest_route=%2Fwp%2Fv2%2Fmedia&parent=39699"}],"wp:term":[{"taxonomy":"category","embeddable":true,"href":"https:\/\/www.egemtv.com\/index.php?rest_route=%2Fwp%2Fv2%2Fcategories&post=39699"},{"taxonomy":"post_tag","embeddable":true,"href":"https:\/\/www.egemtv.com\/index.php?rest_route=%2Fwp%2Fv2%2Ftags&post=39699"}],"curies":[{"name":"wp","href":"https:\/\/api.w.org\/{rel}","templated":true}]}}