{"id":39696,"date":"2025-07-03T18:36:00","date_gmt":"2025-07-03T15:36:00","guid":{"rendered":"https:\/\/www.egemtv.com\/?p=39696"},"modified":"2025-07-03T18:36:07","modified_gmt":"2025-07-03T15:36:07","slug":"odemis-yangininda-ikinci-aci-haber-1-orman-iscisi-hayatini-kaybetti","status":"publish","type":"post","link":"https:\/\/www.egemtv.com\/?p=39696","title":{"rendered":"\u00d6demi\u015f yang\u0131n\u0131nda ikinci ac\u0131 haber: 1 orman i\u015f\u00e7isi hayat\u0131n\u0131 kaybetti"},"content":{"rendered":"<p>\u0130zmir\u2019in \u00d6demi\u015f il\u00e7esinde devam eden orman yang\u0131n\u0131na m\u00fcdahele eden bir orman i\u015f\u00e7isi, s\u00f6nd\u00fcrme \u00e7al\u0131\u015fmalar\u0131 s\u0131ras\u0131nda hayat\u0131n\u0131 kaybetti, bir i\u015f\u00e7inin de a\u011f\u0131r yaraland\u0131\u011f\u0131 bildirildi.<br \/>\n<br \/>\u00d6demi\u015f\u2019in Tosunlar Mahallesi\u2019nde d\u00fcn ak\u015fam saat 21.05\u2019te \u00e7\u0131kan yang\u0131n, r\u00fczgar\u0131n etkisiyle geni\u015f bir b\u00f6lgeyi etkisi alt\u0131na ald\u0131. Gece boyunca ekipler yang\u0131n\u0131 kontrol alt\u0131na alabilmek i\u00e7in karadan m\u00fcdahalede bulundu. Alevlerin ula\u015ft\u0131\u011f\u0131 Tosunlar, Su\u00e7\u0131kt\u0131 ve K\u00f6seler mahalleleri tahliye edildi. Ekiplerin t\u00fcm m\u00fcdahalesine ra\u011fmen, \u015fiddetli r\u00fczgar sebebiyle yang\u0131n hen\u00fcz kontrol alt\u0131na al\u0131namad\u0131.<br \/>\n<br \/>Yang\u0131n b\u00f6lgesinden bu sabah \u0130brahim Erkan isimli 81 ya\u015f\u0131nda yatalak ya\u015fl\u0131 adam\u0131n dumandan etkilenerek hayat\u0131n\u0131 kaybetti\u011fi y\u00f6n\u00fcnde gelen ac\u0131 haberden sonra, bir ac\u0131 haber daha geldi. Edinilen bilgiye g\u00f6re, Konya\u2019dan \u0130zmir\u2019e gelerek \u00d6demi\u015f\u2019teki orman yang\u0131n\u0131na m\u00fcdahale eden dozer operat\u00f6r\u00fc \u0130brahim Demir (39), ara\u00e7 ar\u0131za yap\u0131nca alevlerin aras\u0131nda kald\u0131. Olayda \u0130brahim Demir hayat\u0131n\u0131 kaybederken, mesai arkada\u015f\u0131 Rag\u0131p \u015eahin ise a\u011f\u0131r yaraland\u0131. V\u00fccudunda ikinci derece yan\u0131k olu\u015fan Rag\u0131p \u015eahin, hastanede tedavi alt\u0131na al\u0131nd\u0131.<br \/>\n<br \/>Bu arada, vefat eden \u0130brahim Demir\u2019in evli ve 2 \u00e7ocuk babas\u0131 oldu\u011fu, 2008 y\u0131l\u0131nda Orman Genel M\u00fcd\u00fcrl\u00fc\u011f\u00fc b\u00fcnyesinde g\u00f6reve ba\u015flad\u0131\u011f\u0131 \u00f6\u011frenildi.<br \/><\/p>\n","protected":false},"excerpt":{"rendered":"<p>\u0130zmir\u2019in \u00d6demi\u015f il\u00e7esinde devam eden orman yang\u0131n\u0131na m\u00fcdahele eden bir orman i\u015f\u00e7isi, s\u00f6nd\u00fcrme \u00e7al\u0131\u015fmalar\u0131 s\u0131ras\u0131nda hayat\u0131n\u0131 kaybetti, bir i\u015f\u00e7inin de a\u011f\u0131r yaraland\u0131\u011f\u0131 bildirildi. \u00d6demi\u015f\u2019in Tosunlar Mahallesi\u2019nde d\u00fcn ak\u015fam saat 21.05\u2019te \u00e7\u0131kan yang\u0131n, r\u00fczgar\u0131n etkisiyle geni\u015f bir b\u00f6lgeyi etkisi alt\u0131na ald\u0131. Gece boyunca ekipler yang\u0131n\u0131 kontrol alt\u0131na alabilmek i\u00e7in karadan m\u00fcdahalede bulundu. Alevlerin ula\u015ft\u0131\u011f\u0131 Tosunlar, Su\u00e7\u0131kt\u0131&#8230;<\/p>\n","protected":false},"author":1,"featured_media":39697,"comment_status":"open","ping_status":"open","sticky":false,"template":"","format":"standard","meta":{"_crdt_document":"","footnotes":""},"categories":[5],"tags":[],"class_list":["post-39696","post","type-post","status-publish","format-standard","has-post-thumbnail","hentry","category-asayis"],"_links":{"self":[{"href":"https:\/\/www.egemtv.com\/index.php?rest_route=\/wp\/v2\/posts\/39696","targetHints":{"allow":["GET"]}}],"collection":[{"href":"https:\/\/www.egemtv.com\/index.php?rest_route=\/wp\/v2\/posts"}],"about":[{"href":"https:\/\/www.egemtv.com\/index.php?rest_route=\/wp\/v2\/types\/post"}],"author":[{"embeddable":true,"href":"https:\/\/www.egemtv.com\/index.php?rest_route=\/wp\/v2\/users\/1"}],"replies":[{"embeddable":true,"href":"https:\/\/www.egemtv.com\/index.php?rest_route=%2Fwp%2Fv2%2Fcomments&post=39696"}],"version-history":[{"count":1,"href":"https:\/\/www.egemtv.com\/index.php?rest_route=\/wp\/v2\/posts\/39696\/revisions"}],"predecessor-version":[{"id":39698,"href":"https:\/\/www.egemtv.com\/index.php?rest_route=\/wp\/v2\/posts\/39696\/revisions\/39698"}],"wp:featuredmedia":[{"embeddable":true,"href":"https:\/\/www.egemtv.com\/index.php?rest_route=\/wp\/v2\/media\/39697"}],"wp:attachment":[{"href":"https:\/\/www.egemtv.com\/index.php?rest_route=%2Fwp%2Fv2%2Fmedia&parent=39696"}],"wp:term":[{"taxonomy":"category","embeddable":true,"href":"https:\/\/www.egemtv.com\/index.php?rest_route=%2Fwp%2Fv2%2Fcategories&post=39696"},{"taxonomy":"post_tag","embeddable":true,"href":"https:\/\/www.egemtv.com\/index.php?rest_route=%2Fwp%2Fv2%2Ftags&post=39696"}],"curies":[{"name":"wp","href":"https:\/\/api.w.org\/{rel}","templated":true}]}}