{"id":39693,"date":"2025-07-03T18:35:55","date_gmt":"2025-07-03T15:35:55","guid":{"rendered":"https:\/\/www.egemtv.com\/?p=39693"},"modified":"2025-07-03T18:36:00","modified_gmt":"2025-07-03T15:36:00","slug":"usakta-tarim-arazisinde-baslayan-yangin-meselik-alana-sicradi","status":"publish","type":"post","link":"https:\/\/www.egemtv.com\/?p=39693","title":{"rendered":"U\u015fak\u2019ta tar\u0131m arazisinde ba\u015flayan yang\u0131n me\u015felik alana s\u0131\u00e7rad\u0131"},"content":{"rendered":"<p>U\u015fak\u2019ta tar\u0131m arazisinde ba\u015flay\u0131p, me\u015felik alana s\u0131\u00e7rayan yang\u0131na havadan ve karadan m\u00fcdahale devam ediyor.<br \/>\n<br \/>Edinilen bilgilere g\u00f6re, U\u015fak\u2019\u0131n E\u015fme il\u00e7esine ba\u011fl\u0131 Balabanc\u0131 k\u00f6y\u00fcnde tar\u0131m arazisinde hen\u00fcz belirlenemeyen nedenle \u00e7\u0131kan yang\u0131n r\u00fczgar\u0131n da etkisiyle k\u0131sa s\u00fcrede b\u00fcy\u00fcyerek me\u015felik alana s\u0131\u00e7rad\u0131. \u00c7evredeki vatanda\u015flar\u0131n durumu 112 Acil \u00c7a\u011fr\u0131 Merkezi\u2019ne bildirmesi \u00fczerine b\u00f6lgeye \u00e7ok say\u0131da ekip sevk edildi. Ekiplerin geni\u015f bir alanda etkili olan yang\u0131n\u0131 kontrol alt\u0131na alma \u00e7al\u0131\u015fmalar\u0131 devam ediyor.<br \/><\/p>\n","protected":false},"excerpt":{"rendered":"<p>U\u015fak\u2019ta tar\u0131m arazisinde ba\u015flay\u0131p, me\u015felik alana s\u0131\u00e7rayan yang\u0131na havadan ve karadan m\u00fcdahale devam ediyor. Edinilen bilgilere g\u00f6re, U\u015fak\u2019\u0131n E\u015fme il\u00e7esine ba\u011fl\u0131 Balabanc\u0131 k\u00f6y\u00fcnde tar\u0131m arazisinde hen\u00fcz belirlenemeyen nedenle \u00e7\u0131kan yang\u0131n r\u00fczgar\u0131n da etkisiyle k\u0131sa s\u00fcrede b\u00fcy\u00fcyerek me\u015felik alana s\u0131\u00e7rad\u0131. \u00c7evredeki vatanda\u015flar\u0131n durumu 112 Acil \u00c7a\u011fr\u0131 Merkezi\u2019ne bildirmesi \u00fczerine b\u00f6lgeye \u00e7ok say\u0131da ekip sevk edildi. Ekiplerin&#8230;<\/p>\n","protected":false},"author":1,"featured_media":39694,"comment_status":"open","ping_status":"open","sticky":false,"template":"","format":"standard","meta":{"_crdt_document":"","footnotes":""},"categories":[5],"tags":[],"class_list":["post-39693","post","type-post","status-publish","format-standard","has-post-thumbnail","hentry","category-asayis"],"_links":{"self":[{"href":"https:\/\/www.egemtv.com\/index.php?rest_route=\/wp\/v2\/posts\/39693","targetHints":{"allow":["GET"]}}],"collection":[{"href":"https:\/\/www.egemtv.com\/index.php?rest_route=\/wp\/v2\/posts"}],"about":[{"href":"https:\/\/www.egemtv.com\/index.php?rest_route=\/wp\/v2\/types\/post"}],"author":[{"embeddable":true,"href":"https:\/\/www.egemtv.com\/index.php?rest_route=\/wp\/v2\/users\/1"}],"replies":[{"embeddable":true,"href":"https:\/\/www.egemtv.com\/index.php?rest_route=%2Fwp%2Fv2%2Fcomments&post=39693"}],"version-history":[{"count":1,"href":"https:\/\/www.egemtv.com\/index.php?rest_route=\/wp\/v2\/posts\/39693\/revisions"}],"predecessor-version":[{"id":39695,"href":"https:\/\/www.egemtv.com\/index.php?rest_route=\/wp\/v2\/posts\/39693\/revisions\/39695"}],"wp:featuredmedia":[{"embeddable":true,"href":"https:\/\/www.egemtv.com\/index.php?rest_route=\/wp\/v2\/media\/39694"}],"wp:attachment":[{"href":"https:\/\/www.egemtv.com\/index.php?rest_route=%2Fwp%2Fv2%2Fmedia&parent=39693"}],"wp:term":[{"taxonomy":"category","embeddable":true,"href":"https:\/\/www.egemtv.com\/index.php?rest_route=%2Fwp%2Fv2%2Fcategories&post=39693"},{"taxonomy":"post_tag","embeddable":true,"href":"https:\/\/www.egemtv.com\/index.php?rest_route=%2Fwp%2Fv2%2Ftags&post=39693"}],"curies":[{"name":"wp","href":"https:\/\/api.w.org\/{rel}","templated":true}]}}