{"id":39690,"date":"2025-07-03T18:35:50","date_gmt":"2025-07-03T15:35:50","guid":{"rendered":"https:\/\/www.egemtv.com\/?p=39690"},"modified":"2025-07-03T18:35:55","modified_gmt":"2025-07-03T15:35:55","slug":"trafikte-birbirlerine-girdiler-o-anlar-kamerada","status":"publish","type":"post","link":"https:\/\/www.egemtv.com\/?p=39690","title":{"rendered":"Trafikte birbirlerine girdiler: O anlar kamerada"},"content":{"rendered":"<p>Mu\u011fla\u2019n\u0131n Bodrum il\u00e7esinde 2 ki\u015fi aras\u0131ndaki yol verme tart\u0131\u015fmas\u0131 tekmeli yumruklu kavgaya d\u00f6n\u00fc\u015ft\u00fc. Taraftarlar\u0131 \u00e7evredeki vatanda\u015flar ay\u0131rd\u0131. Kavga an\u0131 ara\u00e7 kameras\u0131na yans\u0131d\u0131.<br \/>\n<br \/>Ak\u015fam saatlerinde \u00c7ar\u015f\u0131 Mahallesi Cevat \u015eakir Caddesi\u2019nde seyreden otomobilin s\u00fcr\u00fcc\u00fcs\u00fc ile Hasan Re\u015fat \u00d6nc\u00fc Caddesi\u2019nde ilerleyen motosiklet s\u00fcr\u00fcc\u00fcs\u00fc, Eski Otogar alt\u0131ndaki kav\u015fakta yol verme y\u00fcz\u00fcnden tart\u0131\u015ft\u0131. Tart\u0131\u015fman\u0131n ard\u0131ndan motosikletini kald\u0131r\u0131ma park eden s\u00fcr\u00fcc\u00fc, otomobilin yan\u0131na gitti. \u0130kili cadde ortas\u0131nda tekmeli yumruklu kavgaya ba\u015flad\u0131. Yere d\u00fc\u015fen ikili, yerde birbirlerine vurmaya devam etti.<br \/>\n<br \/>Taraftarlar\u0131 araya giren vatanda\u015flar ay\u0131rd\u0131. Daha sonra ara\u00e7lar\u0131na binen s\u00fcr\u00fcc\u00fcler b\u00f6lgeden ayr\u0131ld\u0131. O anlar, b\u00f6lgedeki ara\u00e7 kameras\u0131na yans\u0131d\u0131.<br \/><\/p>\n","protected":false},"excerpt":{"rendered":"<p>Mu\u011fla\u2019n\u0131n Bodrum il\u00e7esinde 2 ki\u015fi aras\u0131ndaki yol verme tart\u0131\u015fmas\u0131 tekmeli yumruklu kavgaya d\u00f6n\u00fc\u015ft\u00fc. Taraftarlar\u0131 \u00e7evredeki vatanda\u015flar ay\u0131rd\u0131. Kavga an\u0131 ara\u00e7 kameras\u0131na yans\u0131d\u0131. Ak\u015fam saatlerinde \u00c7ar\u015f\u0131 Mahallesi Cevat \u015eakir Caddesi\u2019nde seyreden otomobilin s\u00fcr\u00fcc\u00fcs\u00fc ile Hasan Re\u015fat \u00d6nc\u00fc Caddesi\u2019nde ilerleyen motosiklet s\u00fcr\u00fcc\u00fcs\u00fc, Eski Otogar alt\u0131ndaki kav\u015fakta yol verme y\u00fcz\u00fcnden tart\u0131\u015ft\u0131. Tart\u0131\u015fman\u0131n ard\u0131ndan motosikletini kald\u0131r\u0131ma park eden s\u00fcr\u00fcc\u00fc,&#8230;<\/p>\n","protected":false},"author":1,"featured_media":39691,"comment_status":"open","ping_status":"open","sticky":false,"template":"","format":"standard","meta":{"_crdt_document":"","footnotes":""},"categories":[5],"tags":[],"class_list":["post-39690","post","type-post","status-publish","format-standard","has-post-thumbnail","hentry","category-asayis"],"_links":{"self":[{"href":"https:\/\/www.egemtv.com\/index.php?rest_route=\/wp\/v2\/posts\/39690","targetHints":{"allow":["GET"]}}],"collection":[{"href":"https:\/\/www.egemtv.com\/index.php?rest_route=\/wp\/v2\/posts"}],"about":[{"href":"https:\/\/www.egemtv.com\/index.php?rest_route=\/wp\/v2\/types\/post"}],"author":[{"embeddable":true,"href":"https:\/\/www.egemtv.com\/index.php?rest_route=\/wp\/v2\/users\/1"}],"replies":[{"embeddable":true,"href":"https:\/\/www.egemtv.com\/index.php?rest_route=%2Fwp%2Fv2%2Fcomments&post=39690"}],"version-history":[{"count":1,"href":"https:\/\/www.egemtv.com\/index.php?rest_route=\/wp\/v2\/posts\/39690\/revisions"}],"predecessor-version":[{"id":39692,"href":"https:\/\/www.egemtv.com\/index.php?rest_route=\/wp\/v2\/posts\/39690\/revisions\/39692"}],"wp:featuredmedia":[{"embeddable":true,"href":"https:\/\/www.egemtv.com\/index.php?rest_route=\/wp\/v2\/media\/39691"}],"wp:attachment":[{"href":"https:\/\/www.egemtv.com\/index.php?rest_route=%2Fwp%2Fv2%2Fmedia&parent=39690"}],"wp:term":[{"taxonomy":"category","embeddable":true,"href":"https:\/\/www.egemtv.com\/index.php?rest_route=%2Fwp%2Fv2%2Fcategories&post=39690"},{"taxonomy":"post_tag","embeddable":true,"href":"https:\/\/www.egemtv.com\/index.php?rest_route=%2Fwp%2Fv2%2Ftags&post=39690"}],"curies":[{"name":"wp","href":"https:\/\/api.w.org\/{rel}","templated":true}]}}