{"id":39687,"date":"2025-07-03T17:36:12","date_gmt":"2025-07-03T14:36:12","guid":{"rendered":"https:\/\/www.egemtv.com\/?p=39687"},"modified":"2025-07-03T17:36:17","modified_gmt":"2025-07-03T14:36:17","slug":"aliagada-tanker-gemide-yangin-devam-ediyor","status":"publish","type":"post","link":"https:\/\/www.egemtv.com\/?p=39687","title":{"rendered":"Alia\u011fa\u2019da tanker gemide yang\u0131n devam ediyor"},"content":{"rendered":"<p>\u0130zmir\u2019in Alia\u011fa il\u00e7esinde hurda gemilerinin geri d\u00f6n\u00fc\u015ft\u00fcr\u00fcld\u00fc\u011f\u00fc gemi s\u00f6k\u00fcm b\u00f6lgesinde, Libya\u2019dan gelen Sloug adl\u0131 gemide s\u00f6k\u00fcm \u00e7al\u0131\u015fmalar\u0131 s\u0131ras\u0131nda ba\u015flayan yang\u0131n devam ediyor.<br \/>\n<br \/>Alia\u011fa Gemi S\u00f6k\u00fcm Sahas\u0131\u2019nda bulunan Sloug adl\u0131 tanker gemide, bug\u00fcn saat 11.00 s\u0131ralar\u0131nda yang\u0131n \u00e7\u0131kt\u0131. Yang\u0131n\u0131n s\u00f6nd\u00fcr\u00fclmesi i\u00e7in hem karadan hem denizden m\u00fcdahale ba\u015flad\u0131. G\u00f6ky\u00fcz\u00fcne siyah dumanlar\u0131n y\u00fckseldi\u011fi gemide, \u00f6l\u00fc ya da yaral\u0131 olmad\u0131\u011f\u0131 bilgisi ge\u00e7ildi. Yang\u0131n hala devam ederken, yak\u0131n\u0131ndaki baz\u0131 \u015fantiyelerde \u00e7al\u0131\u015fma durduruldu.<br \/>\n<br \/>Yanan Sloug tanker gemisinin Libya a\u00e7\u0131klar\u0131nda uzun y\u0131llar at\u0131k depolanan bir gemi oldu\u011fu \u00f6ne s\u00fcr\u00fcld\u00fc. B\u00f6lgede r\u00fczgar\u0131n da \u015fiddetli oldu\u011fu, alevlerin s\u00f6nd\u00fcr\u00fclmesinin kolay olmad\u0131\u011f\u0131, m\u00fcdahalenin g\u00fcnler s\u00fcrebilece\u011fi ifade ediliyor.<br \/><\/p>\n","protected":false},"excerpt":{"rendered":"<p>\u0130zmir\u2019in Alia\u011fa il\u00e7esinde hurda gemilerinin geri d\u00f6n\u00fc\u015ft\u00fcr\u00fcld\u00fc\u011f\u00fc gemi s\u00f6k\u00fcm b\u00f6lgesinde, Libya\u2019dan gelen Sloug adl\u0131 gemide s\u00f6k\u00fcm \u00e7al\u0131\u015fmalar\u0131 s\u0131ras\u0131nda ba\u015flayan yang\u0131n devam ediyor. Alia\u011fa Gemi S\u00f6k\u00fcm Sahas\u0131\u2019nda bulunan Sloug adl\u0131 tanker gemide, bug\u00fcn saat 11.00 s\u0131ralar\u0131nda yang\u0131n \u00e7\u0131kt\u0131. Yang\u0131n\u0131n s\u00f6nd\u00fcr\u00fclmesi i\u00e7in hem karadan hem denizden m\u00fcdahale ba\u015flad\u0131. G\u00f6ky\u00fcz\u00fcne siyah dumanlar\u0131n y\u00fckseldi\u011fi gemide, \u00f6l\u00fc ya da yaral\u0131&#8230;<\/p>\n","protected":false},"author":1,"featured_media":39688,"comment_status":"open","ping_status":"open","sticky":false,"template":"","format":"standard","meta":{"_crdt_document":"","footnotes":""},"categories":[5],"tags":[],"class_list":["post-39687","post","type-post","status-publish","format-standard","has-post-thumbnail","hentry","category-asayis"],"_links":{"self":[{"href":"https:\/\/www.egemtv.com\/index.php?rest_route=\/wp\/v2\/posts\/39687","targetHints":{"allow":["GET"]}}],"collection":[{"href":"https:\/\/www.egemtv.com\/index.php?rest_route=\/wp\/v2\/posts"}],"about":[{"href":"https:\/\/www.egemtv.com\/index.php?rest_route=\/wp\/v2\/types\/post"}],"author":[{"embeddable":true,"href":"https:\/\/www.egemtv.com\/index.php?rest_route=\/wp\/v2\/users\/1"}],"replies":[{"embeddable":true,"href":"https:\/\/www.egemtv.com\/index.php?rest_route=%2Fwp%2Fv2%2Fcomments&post=39687"}],"version-history":[{"count":1,"href":"https:\/\/www.egemtv.com\/index.php?rest_route=\/wp\/v2\/posts\/39687\/revisions"}],"predecessor-version":[{"id":39689,"href":"https:\/\/www.egemtv.com\/index.php?rest_route=\/wp\/v2\/posts\/39687\/revisions\/39689"}],"wp:featuredmedia":[{"embeddable":true,"href":"https:\/\/www.egemtv.com\/index.php?rest_route=\/wp\/v2\/media\/39688"}],"wp:attachment":[{"href":"https:\/\/www.egemtv.com\/index.php?rest_route=%2Fwp%2Fv2%2Fmedia&parent=39687"}],"wp:term":[{"taxonomy":"category","embeddable":true,"href":"https:\/\/www.egemtv.com\/index.php?rest_route=%2Fwp%2Fv2%2Fcategories&post=39687"},{"taxonomy":"post_tag","embeddable":true,"href":"https:\/\/www.egemtv.com\/index.php?rest_route=%2Fwp%2Fv2%2Ftags&post=39687"}],"curies":[{"name":"wp","href":"https:\/\/api.w.org\/{rel}","templated":true}]}}