{"id":39681,"date":"2025-07-03T16:36:31","date_gmt":"2025-07-03T13:36:31","guid":{"rendered":"https:\/\/www.egemtv.com\/?p=39681"},"modified":"2025-07-03T16:36:36","modified_gmt":"2025-07-03T13:36:36","slug":"mugladaki-orman-yangini-kismen-kontrol-altina-alindi","status":"publish","type":"post","link":"https:\/\/www.egemtv.com\/?p=39681","title":{"rendered":"Mu\u011fla\u2019daki orman yang\u0131n\u0131 k\u0131smen kontrol alt\u0131na al\u0131nd\u0131"},"content":{"rendered":"<p>Mu\u011fla\u2019n\u0131n Mente\u015fe il\u00e7esindeki ormanl\u0131k alanda ba\u015flayan yang\u0131n\u0131 ekiplerin karadan ve havadan yap\u0131lan etkin m\u00fcdahale sonucu k\u0131smen kontrol alt\u0131na al\u0131nd\u0131.<\/p>\n<p>Edinilen bilgiye g\u00f6re, Ye\u015filyurt Mahallesi\u2019ndeki ormanl\u0131k alanda hen\u00fcz bilinmeyen bir nedenle yang\u0131n \u00e7\u0131kt\u0131. Yang\u0131n ihbar\u0131 sonras\u0131nda b\u00f6lgeye Mu\u011fla Orman B\u00f6lge M\u00fcd\u00fcrl\u00fc\u011f\u00fc yang\u0131n s\u00f6nd\u00fcrme ve Mu\u011fla B\u00fcy\u00fck\u015fehir Belediyesi itfaiye ekipleri sevk edildi. S\u0131k ormanl\u0131k alandaki yang\u0131na havadan 4 helikopterle, karadan da araz\u00f6zlerle m\u00fcdahale edildi. Yang\u0131n\u0131n ekiplerin karadan ve havadan etkin m\u00fcdahaleleri sonucu k\u0131smen kontrol alt\u0131na al\u0131nd\u0131\u011f\u0131 \u00f6\u011frenildi. Ekiplerin b\u00f6lgedeki so\u011futma \u00e7al\u0131\u015fmalar\u0131 s\u00fcr\u00fcyor.<br \/><\/p>\n","protected":false},"excerpt":{"rendered":"<p>Mu\u011fla\u2019n\u0131n Mente\u015fe il\u00e7esindeki ormanl\u0131k alanda ba\u015flayan yang\u0131n\u0131 ekiplerin karadan ve havadan yap\u0131lan etkin m\u00fcdahale sonucu k\u0131smen kontrol alt\u0131na al\u0131nd\u0131. Edinilen bilgiye g\u00f6re, Ye\u015filyurt Mahallesi\u2019ndeki ormanl\u0131k alanda hen\u00fcz bilinmeyen bir nedenle yang\u0131n \u00e7\u0131kt\u0131. Yang\u0131n ihbar\u0131 sonras\u0131nda b\u00f6lgeye Mu\u011fla Orman B\u00f6lge M\u00fcd\u00fcrl\u00fc\u011f\u00fc yang\u0131n s\u00f6nd\u00fcrme ve Mu\u011fla B\u00fcy\u00fck\u015fehir Belediyesi itfaiye ekipleri sevk edildi. S\u0131k ormanl\u0131k alandaki yang\u0131na havadan&#8230;<\/p>\n","protected":false},"author":1,"featured_media":39682,"comment_status":"open","ping_status":"open","sticky":false,"template":"","format":"standard","meta":{"_crdt_document":"","footnotes":""},"categories":[5],"tags":[],"class_list":["post-39681","post","type-post","status-publish","format-standard","has-post-thumbnail","hentry","category-asayis"],"_links":{"self":[{"href":"https:\/\/www.egemtv.com\/index.php?rest_route=\/wp\/v2\/posts\/39681","targetHints":{"allow":["GET"]}}],"collection":[{"href":"https:\/\/www.egemtv.com\/index.php?rest_route=\/wp\/v2\/posts"}],"about":[{"href":"https:\/\/www.egemtv.com\/index.php?rest_route=\/wp\/v2\/types\/post"}],"author":[{"embeddable":true,"href":"https:\/\/www.egemtv.com\/index.php?rest_route=\/wp\/v2\/users\/1"}],"replies":[{"embeddable":true,"href":"https:\/\/www.egemtv.com\/index.php?rest_route=%2Fwp%2Fv2%2Fcomments&post=39681"}],"version-history":[{"count":1,"href":"https:\/\/www.egemtv.com\/index.php?rest_route=\/wp\/v2\/posts\/39681\/revisions"}],"predecessor-version":[{"id":39683,"href":"https:\/\/www.egemtv.com\/index.php?rest_route=\/wp\/v2\/posts\/39681\/revisions\/39683"}],"wp:featuredmedia":[{"embeddable":true,"href":"https:\/\/www.egemtv.com\/index.php?rest_route=\/wp\/v2\/media\/39682"}],"wp:attachment":[{"href":"https:\/\/www.egemtv.com\/index.php?rest_route=%2Fwp%2Fv2%2Fmedia&parent=39681"}],"wp:term":[{"taxonomy":"category","embeddable":true,"href":"https:\/\/www.egemtv.com\/index.php?rest_route=%2Fwp%2Fv2%2Fcategories&post=39681"},{"taxonomy":"post_tag","embeddable":true,"href":"https:\/\/www.egemtv.com\/index.php?rest_route=%2Fwp%2Fv2%2Ftags&post=39681"}],"curies":[{"name":"wp","href":"https:\/\/api.w.org\/{rel}","templated":true}]}}