{"id":39678,"date":"2025-07-03T16:16:25","date_gmt":"2025-07-03T13:16:25","guid":{"rendered":"https:\/\/www.egemtv.com\/?p=39678"},"modified":"2025-07-03T16:16:30","modified_gmt":"2025-07-03T13:16:30","slug":"salihli-kaymakami-guldogan-yangindan-etkilenen-2-mahalleyi-ziyaret-etti","status":"publish","type":"post","link":"https:\/\/www.egemtv.com\/?p=39678","title":{"rendered":"Salihli Kaymakam\u0131 G\u00fcldo\u011fan, yang\u0131ndan etkilenen 2 mahalleyi ziyaret etti"},"content":{"rendered":"<p>Manisa\u2019n\u0131n Salihli il\u00e7e Kaymakam\u0131 Ali G\u00fcldo\u011fan, Ahmetli yang\u0131n\u0131ndan etkilenen Mersindere ve \u00c7ayp\u0131nar mahallelerini ziyaret etti.<br \/>\n<br \/>Ahmetli il\u00e7esinde \u00e7\u0131kan ve r\u00fczgar\u0131n etkisiyle Salihli\u2019ye ula\u015fan orman yang\u0131n\u0131ndan Mersindere ve \u00c7ayp\u0131nar mahalleleri etkilendi. Salihli Kaymakam\u0131 Ali G\u00fcldo\u011fan, orman yang\u0131n\u0131ndan etkilenen mahallelerde incelemelerde bulundu. Mersindere, \u00c7ayp\u0131nar mahallelerini ziyaret ederek vatanda\u015flarla bir araya gelen Kaymakam G\u00fcldo\u011fan, yetkililerden bilgi alarak yang\u0131ndan etkilenen vatanda\u015flara ge\u00e7mi\u015f olsun dileklerini iletti.<br \/>\n<br \/>Kaymakam G\u00fcldo\u011fan\u2019a mahalle ziyaretinde \u0130l\u00e7e Emniyet M\u00fcd\u00fcr\u00fc Burhan Demirk\u0131ran, \u0130l\u00e7e Jandarma Komutan\u0131 Binba\u015f\u0131 Do\u011fukan Karaaslan, \u0130l\u00e7e Tar\u0131m ve Orman M\u00fcd\u00fcr\u00fc Ali Demir e\u015flik etti.<br \/><\/p>\n","protected":false},"excerpt":{"rendered":"<p>Manisa\u2019n\u0131n Salihli il\u00e7e Kaymakam\u0131 Ali G\u00fcldo\u011fan, Ahmetli yang\u0131n\u0131ndan etkilenen Mersindere ve \u00c7ayp\u0131nar mahallelerini ziyaret etti. Ahmetli il\u00e7esinde \u00e7\u0131kan ve r\u00fczgar\u0131n etkisiyle Salihli\u2019ye ula\u015fan orman yang\u0131n\u0131ndan Mersindere ve \u00c7ayp\u0131nar mahalleleri etkilendi. Salihli Kaymakam\u0131 Ali G\u00fcldo\u011fan, orman yang\u0131n\u0131ndan etkilenen mahallelerde incelemelerde bulundu. Mersindere, \u00c7ayp\u0131nar mahallelerini ziyaret ederek vatanda\u015flarla bir araya gelen Kaymakam G\u00fcldo\u011fan, yetkililerden bilgi alarak yang\u0131ndan&#8230;<\/p>\n","protected":false},"author":1,"featured_media":39679,"comment_status":"open","ping_status":"open","sticky":false,"template":"","format":"standard","meta":{"_crdt_document":"","footnotes":""},"categories":[123],"tags":[],"class_list":["post-39678","post","type-post","status-publish","format-standard","has-post-thumbnail","hentry","category-gundem"],"_links":{"self":[{"href":"https:\/\/www.egemtv.com\/index.php?rest_route=\/wp\/v2\/posts\/39678","targetHints":{"allow":["GET"]}}],"collection":[{"href":"https:\/\/www.egemtv.com\/index.php?rest_route=\/wp\/v2\/posts"}],"about":[{"href":"https:\/\/www.egemtv.com\/index.php?rest_route=\/wp\/v2\/types\/post"}],"author":[{"embeddable":true,"href":"https:\/\/www.egemtv.com\/index.php?rest_route=\/wp\/v2\/users\/1"}],"replies":[{"embeddable":true,"href":"https:\/\/www.egemtv.com\/index.php?rest_route=%2Fwp%2Fv2%2Fcomments&post=39678"}],"version-history":[{"count":1,"href":"https:\/\/www.egemtv.com\/index.php?rest_route=\/wp\/v2\/posts\/39678\/revisions"}],"predecessor-version":[{"id":39680,"href":"https:\/\/www.egemtv.com\/index.php?rest_route=\/wp\/v2\/posts\/39678\/revisions\/39680"}],"wp:featuredmedia":[{"embeddable":true,"href":"https:\/\/www.egemtv.com\/index.php?rest_route=\/wp\/v2\/media\/39679"}],"wp:attachment":[{"href":"https:\/\/www.egemtv.com\/index.php?rest_route=%2Fwp%2Fv2%2Fmedia&parent=39678"}],"wp:term":[{"taxonomy":"category","embeddable":true,"href":"https:\/\/www.egemtv.com\/index.php?rest_route=%2Fwp%2Fv2%2Fcategories&post=39678"},{"taxonomy":"post_tag","embeddable":true,"href":"https:\/\/www.egemtv.com\/index.php?rest_route=%2Fwp%2Fv2%2Ftags&post=39678"}],"curies":[{"name":"wp","href":"https:\/\/api.w.org\/{rel}","templated":true}]}}