{"id":39675,"date":"2025-07-03T15:57:06","date_gmt":"2025-07-03T12:57:06","guid":{"rendered":"https:\/\/www.egemtv.com\/?p=39675"},"modified":"2025-07-03T15:57:11","modified_gmt":"2025-07-03T12:57:11","slug":"manisada-sahipsiz-hayvanlar-icin-etkin-tedbirler-masaya-yatirildi","status":"publish","type":"post","link":"https:\/\/www.egemtv.com\/?p=39675","title":{"rendered":"Manisa\u2019da sahipsiz hayvanlar i\u00e7in etkin tedbirler masaya yat\u0131r\u0131ld\u0131"},"content":{"rendered":"<p>MAN\u0130SA (\u0130HA) \u2013 Manisa Valisi Vahdettin \u00d6zkan ba\u015fkanl\u0131\u011f\u0131nda d\u00fczenlenen toplant\u0131da, sahipsiz hayvanlara y\u00f6nelik al\u0131nacak etkin tedbirler ve uygulanacak eylem planlar\u0131 belediye ba\u015fkanlar\u0131yla birlikte de\u011ferlendirildi.<br \/>\n<br \/>Toplant\u0131ya Manisa B\u00fcy\u00fck\u015fehir Belediye Ba\u015fkan\u0131 Besim Dutlulu\u2019nun yan\u0131 s\u0131ra il\u00e7e belediye ba\u015fkanlar\u0131 kat\u0131ld\u0131. 5199 say\u0131l\u0131 Hayvanlar\u0131 Koruma Kanunu kapsam\u0131nda il genelinde y\u00fcr\u00fct\u00fclen &#8220;Sahipsiz Hayvanlar Korunma- Koruma Eylem Planlar\u0131&#8221; toplant\u0131n\u0131n ana g\u00fcndemini olu\u015fturdu. Vali \u00d6zkan, toplant\u0131da yapt\u0131\u011f\u0131 de\u011ferlendirmede, toplum sa\u011fl\u0131\u011f\u0131 ve can g\u00fcvenli\u011finin \u00f6ncelikli oldu\u011funu vurgulayarak, eylem planlar\u0131n\u0131n etkin bir \u015fekilde hayata ge\u00e7irilmesinde belediyelere d\u00fc\u015fen g\u00f6rev, yetki ve sorumluluklar\u0131n \u00f6nemine dikkat \u00e7ekti. Toplant\u0131da ayr\u0131ca \u015fu ba\u015fl\u0131klar ele al\u0131nd\u0131: &#8220;2025 y\u0131l\u0131 itibar\u0131yla il genelinde ya\u015fanan olaylara ili\u015fkin bilgi cetvellerinin olu\u015fturulmas\u0131, il\u00e7elerde kaymakaml\u0131k ba\u015fkanl\u0131\u011f\u0131nda haz\u0131rlanan eylem planlar\u0131n\u0131n mevcut durumu, bak\u0131mevlerinin izin durumlar\u0131 ve yeni alanlar\u0131n olu\u015fturulmas\u0131na y\u00f6nelik kararlar, soka\u011fa terk edilen hayvanlara uygulanan ceza miktarlar\u0131n\u0131n yeniden de\u011ferlendirilmesi, bak\u0131mevi ve do\u011fal ya\u015fam alanlar\u0131 i\u00e7in sa\u011flanacak mali destekler, n\u00fcfusu 25 binin alt\u0131nda olan il\u00e7elerdeki hayvanlar\u0131n, uygun bak\u0131mevlerine y\u00f6nlendirilmesini sa\u011flayacak sonu\u00e7 odakl\u0131 bir sistemin kurulmas\u0131&#8221;<br \/>\n<br \/>Valilik koordinasyonunda belediyeler, kaymakaml\u0131klar ve sivil toplum kurulu\u015flar\u0131yla i\u015f birli\u011fi i\u00e7erisinde s\u00fcrd\u00fcr\u00fclebilir \u00e7\u00f6z\u00fcmler geli\u015ftirmeye devam ettiklerini belirten Vali \u00d6zkan, &#8220;Belediyelerimize bu s\u00fcre\u00e7te d\u00fc\u015fen g\u00f6rev ve sorumluluklar b\u00fcy\u00fck. Amac\u0131m\u0131z, hem sahipsiz hayvanlar\u0131n korunmas\u0131 hem de toplumun huzur ve g\u00fcvenli\u011finin sa\u011flanmas\u0131d\u0131r&#8221; ifadelerini kulland\u0131.<br \/><\/p>\n","protected":false},"excerpt":{"rendered":"<p>MAN\u0130SA (\u0130HA) \u2013 Manisa Valisi Vahdettin \u00d6zkan ba\u015fkanl\u0131\u011f\u0131nda d\u00fczenlenen toplant\u0131da, sahipsiz hayvanlara y\u00f6nelik al\u0131nacak etkin tedbirler ve uygulanacak eylem planlar\u0131 belediye ba\u015fkanlar\u0131yla birlikte de\u011ferlendirildi. Toplant\u0131ya Manisa B\u00fcy\u00fck\u015fehir Belediye Ba\u015fkan\u0131 Besim Dutlulu\u2019nun yan\u0131 s\u0131ra il\u00e7e belediye ba\u015fkanlar\u0131 kat\u0131ld\u0131. 5199 say\u0131l\u0131 Hayvanlar\u0131 Koruma Kanunu kapsam\u0131nda il genelinde y\u00fcr\u00fct\u00fclen &#8220;Sahipsiz Hayvanlar Korunma- Koruma Eylem Planlar\u0131&#8221; toplant\u0131n\u0131n ana g\u00fcndemini&#8230;<\/p>\n","protected":false},"author":1,"featured_media":39676,"comment_status":"open","ping_status":"open","sticky":false,"template":"","format":"standard","meta":{"_crdt_document":"","footnotes":""},"categories":[123],"tags":[],"class_list":["post-39675","post","type-post","status-publish","format-standard","has-post-thumbnail","hentry","category-gundem"],"_links":{"self":[{"href":"https:\/\/www.egemtv.com\/index.php?rest_route=\/wp\/v2\/posts\/39675","targetHints":{"allow":["GET"]}}],"collection":[{"href":"https:\/\/www.egemtv.com\/index.php?rest_route=\/wp\/v2\/posts"}],"about":[{"href":"https:\/\/www.egemtv.com\/index.php?rest_route=\/wp\/v2\/types\/post"}],"author":[{"embeddable":true,"href":"https:\/\/www.egemtv.com\/index.php?rest_route=\/wp\/v2\/users\/1"}],"replies":[{"embeddable":true,"href":"https:\/\/www.egemtv.com\/index.php?rest_route=%2Fwp%2Fv2%2Fcomments&post=39675"}],"version-history":[{"count":1,"href":"https:\/\/www.egemtv.com\/index.php?rest_route=\/wp\/v2\/posts\/39675\/revisions"}],"predecessor-version":[{"id":39677,"href":"https:\/\/www.egemtv.com\/index.php?rest_route=\/wp\/v2\/posts\/39675\/revisions\/39677"}],"wp:featuredmedia":[{"embeddable":true,"href":"https:\/\/www.egemtv.com\/index.php?rest_route=\/wp\/v2\/media\/39676"}],"wp:attachment":[{"href":"https:\/\/www.egemtv.com\/index.php?rest_route=%2Fwp%2Fv2%2Fmedia&parent=39675"}],"wp:term":[{"taxonomy":"category","embeddable":true,"href":"https:\/\/www.egemtv.com\/index.php?rest_route=%2Fwp%2Fv2%2Fcategories&post=39675"},{"taxonomy":"post_tag","embeddable":true,"href":"https:\/\/www.egemtv.com\/index.php?rest_route=%2Fwp%2Fv2%2Ftags&post=39675"}],"curies":[{"name":"wp","href":"https:\/\/api.w.org\/{rel}","templated":true}]}}