{"id":39672,"date":"2025-07-03T15:57:01","date_gmt":"2025-07-03T12:57:01","guid":{"rendered":"https:\/\/www.egemtv.com\/?p=39672"},"modified":"2025-07-03T15:57:06","modified_gmt":"2025-07-03T12:57:06","slug":"tbmm-engelli-bireyler-komisyonu-kasapoglu-baskanliginda-toplandi","status":"publish","type":"post","link":"https:\/\/www.egemtv.com\/?p=39672","title":{"rendered":"TBMM Engelli Bireyler Komisyonu Kasapo\u011flu ba\u015fkanl\u0131\u011f\u0131nda topland\u0131"},"content":{"rendered":"<p>T\u00fcrkiye B\u00fcy\u00fck Millet Meclisi\u2019nde, engelli bireylerin kar\u015f\u0131 kar\u015f\u0131ya bulundu\u011fu sorunlar\u0131n tespiti, \u00e7\u00f6z\u00fcm yollar\u0131n\u0131n geli\u015ftirilmesi ve toplumsal fark\u0131ndal\u0131\u011f\u0131n art\u0131r\u0131lmas\u0131 amac\u0131yla kurulan &#8220;Engelli Bireylerin Sorunlar\u0131n\u0131 Ara\u015ft\u0131rma Komisyonu&#8221; \u00e7al\u0131\u015fmalar\u0131na ba\u015flad\u0131. Komisyonun ilk toplant\u0131s\u0131nda, AK Parti \u0130zmir Milletvekili ve \u00f6nceki d\u00f6nem Gen\u00e7lik ve Spor Bakan\u0131 Dr. Mehmet Muharrem Kasapo\u011flu, oy birli\u011fiyle komisyon ba\u015fkan\u0131 se\u00e7ildi.<br \/>\n<br \/>TBMM Engelli Bireylerin Sorunlar\u0131n\u0131 Ara\u015ft\u0131rma Komisyonu Kasapo\u011flu ba\u015fkanl\u0131\u011f\u0131nda \u00e7al\u0131\u015fmalar\u0131na ba\u015flad\u0131. \u0130lk toplant\u0131da komisyon ba\u015fkan\u0131 se\u00e7ilen AK Parti \u0130zmir Milletvekili ve \u00f6nceki d\u00f6nem Gen\u00e7lik ve Spor Bakan\u0131 Dr. Mehmet Muharrem Kasapo\u011flu, a\u00e7\u0131l\u0131\u015f toplant\u0131s\u0131nda te\u015fekk\u00fcr konu\u015fmas\u0131 yapt\u0131. Kasapo\u011flu, bu g\u00f6revin \u015fahs\u0131 i\u00e7in b\u00fcy\u00fck bir onur ve sorumluluk oldu\u011funu vurgulayarak \u015fu ifadeleri kulland\u0131: &#8220;Bug\u00fcn burada, toplumsal sorumlulu\u011fumuzun en anlaml\u0131 ba\u015fl\u0131klar\u0131ndan biri olan engelli bireylerimizin hayat\u0131n\u0131 daha ya\u015fanabilir, daha adil ve daha eri\u015filebilir k\u0131lmak amac\u0131yla \u00f6nemli bir g\u00f6reve ba\u015fl\u0131yoruz. Bu mesele partiler \u00fcst\u00fc bir meseledir; bu mesele memleket meselesidir. Engellilik yaln\u0131zca bireyin ya da ailesinin de\u011fil, hepimizin ortak konusu, ortak vicdan\u0131d\u0131r&#8221;<br \/>\n<br \/>Komisyonun \u00e7\u0131kt\u0131s\u0131 olacak raporun, hayata ge\u00e7irilebilir \u00e7\u00f6z\u00fcm \u00f6nerileri sunmas\u0131n\u0131n ve uygulamada yol g\u00f6sterici bir rehber olmas\u0131n\u0131n hedeflendi\u011fini belirten Kasapo\u011flu, s\u00f6zlerine \u015f\u00f6yle devam etti: &#8220;2002\u2019den bu yana engelli bireyler i\u00e7in yap\u0131lan reformlar, bir milim bile bo\u015fluk b\u0131rakmayan kapsaml\u0131 bir iradeyi temsil ediyor. Engellilerin alamad\u0131\u011f\u0131 hi\u00e7bir hizmeti hizmet olarak g\u00f6rmedik, g\u00f6rm\u00fcyoruz. \u015eimdi bu s\u00fcreci daha da ileri ta\u015f\u0131mak, \u00e7a\u011f\u0131n ihtiya\u00e7lar\u0131na g\u00f6re yeniden \u015fekillendirmek zorunday\u0131z. Ko\u015fullar ve ihtiya\u00e7lar de\u011fi\u015firken, biz oldu\u011fumuz yerde kalamay\u0131z. Komisyon, e\u011fitimden istihdama, sa\u011fl\u0131ktan eri\u015filebilir \u00e7evre d\u00fczenlemelerine, k\u00fclt\u00fcrden spora kadar bir\u00e7ok alanda politika \u00f6nerileri geli\u015ftirecek; STK\u2019lar, akademisyenler ve ilgili kamu kurumlar\u0131yla isti\u015farelerde bulunacak. Komisyon \u00e7al\u0131\u015fmalar\u0131 kapsam\u0131nda; engelli bireylerin e\u011fitime, istihdama, sa\u011fl\u0131\u011fa ve sosyal hayata kat\u0131l\u0131m s\u00fcre\u00e7leri detayl\u0131 bi\u00e7imde ele al\u0131nacak, kamu kurumlar\u0131n\u0131n mevcut uygulamalar\u0131 de\u011ferlendirilecek, sivil toplum kurulu\u015flar\u0131, akademisyenler ve farkl\u0131 engel gruplar\u0131n\u0131n temsilcileriyle do\u011frudan temas kurulacak, eri\u015filebilirlik, fark\u0131ndal\u0131k ve kapsay\u0131c\u0131l\u0131k ekseninde yeni politika \u00f6nerileri haz\u0131rlanacak&#8221;<\/p>\n<p>&#8220;T\u00fcrkiye, engelli haklar\u0131nda uluslararas\u0131 d\u00fczeyde de g\u00fc\u00e7l\u00fc bir irade ortaya koydu&#8221;<br \/>\n<br \/>Kasapo\u011flu, T\u00fcrkiye\u2019nin 2007 y\u0131l\u0131nda imzalad\u0131\u011f\u0131 ve 2009\u2019da taraf oldu\u011fu Birle\u015fmi\u015f Milletler Engelli Haklar\u0131 S\u00f6zle\u015fmesi\u2019ni hat\u0131rlatarak, bu komisyondaki \u00e7al\u0131\u015fmalar\u0131 uluslararas\u0131 taahh\u00fctlerin devam\u0131 olarak de\u011ferlendirdi. Toplumun t\u00fcm kesimleriyle temas halinde olunaca\u011f\u0131n\u0131, farkl\u0131 engel gruplar\u0131n\u0131 temsil eden bireylerin de s\u00fcrece dahil edilece\u011fini belirten Kasapo\u011flu, s\u00f6zlerini \u015fu ifadelerle tamamlad\u0131: &#8220;Ya\u015fayacaksak birlikte ya\u015fayaca\u011f\u0131z, y\u00fcr\u00fcyeceksek birlikte y\u00fcr\u00fcyece\u011fiz, g\u00fcleceksek hep birlikte g\u00fclece\u011fiz. T\u00fcrkiye\u2019nin b\u00fct\u00fcn imkanlar\u0131, 86 milyon olarak T\u00fcrkiye\u2019nin t\u00fcm evlatlar\u0131n\u0131nd\u0131r. Biz bu \u00fclkenin evlatlar\u0131n\u0131n \u00f6n\u00fcnde hi\u00e7bir engeli tan\u0131m\u0131yoruz, kabul etmiyoruz. Hayata ge\u00e7irilebilir, kal\u0131c\u0131 ve kat\u0131l\u0131mc\u0131 \u00e7\u00f6z\u00fcmler geli\u015ftirece\u011fiz&#8221;<\/p>\n<p>Komisyonda 6 partiden 22 vekil g\u00f6rev  yap\u0131yor<br \/>\n<br \/>Komisyon \u00fcyeleri aras\u0131nda AK Parti, CHP, MHP, \u0130Y\u0130 Parti, DEM ve YEN\u0130 YOL Partisi milletvekilleri yer al\u0131yor. Komisyon \u00e7al\u0131\u015fmalar\u0131 boyunca saha ziyaretleri, tematik oturumlar ve kamuoyu bilgilendirmeleri d\u00fczenli olarak yap\u0131lacak.<br \/><\/p>\n","protected":false},"excerpt":{"rendered":"<p>T\u00fcrkiye B\u00fcy\u00fck Millet Meclisi\u2019nde, engelli bireylerin kar\u015f\u0131 kar\u015f\u0131ya bulundu\u011fu sorunlar\u0131n tespiti, \u00e7\u00f6z\u00fcm yollar\u0131n\u0131n geli\u015ftirilmesi ve toplumsal fark\u0131ndal\u0131\u011f\u0131n art\u0131r\u0131lmas\u0131 amac\u0131yla kurulan &#8220;Engelli Bireylerin Sorunlar\u0131n\u0131 Ara\u015ft\u0131rma Komisyonu&#8221; \u00e7al\u0131\u015fmalar\u0131na ba\u015flad\u0131. Komisyonun ilk toplant\u0131s\u0131nda, AK Parti \u0130zmir Milletvekili ve \u00f6nceki d\u00f6nem Gen\u00e7lik ve Spor Bakan\u0131 Dr. Mehmet Muharrem Kasapo\u011flu, oy birli\u011fiyle komisyon ba\u015fkan\u0131 se\u00e7ildi. TBMM Engelli Bireylerin Sorunlar\u0131n\u0131 Ara\u015ft\u0131rma&#8230;<\/p>\n","protected":false},"author":1,"featured_media":39673,"comment_status":"open","ping_status":"open","sticky":false,"template":"","format":"standard","meta":{"_crdt_document":"","footnotes":""},"categories":[127],"tags":[],"class_list":["post-39672","post","type-post","status-publish","format-standard","has-post-thumbnail","hentry","category-siyaset"],"_links":{"self":[{"href":"https:\/\/www.egemtv.com\/index.php?rest_route=\/wp\/v2\/posts\/39672","targetHints":{"allow":["GET"]}}],"collection":[{"href":"https:\/\/www.egemtv.com\/index.php?rest_route=\/wp\/v2\/posts"}],"about":[{"href":"https:\/\/www.egemtv.com\/index.php?rest_route=\/wp\/v2\/types\/post"}],"author":[{"embeddable":true,"href":"https:\/\/www.egemtv.com\/index.php?rest_route=\/wp\/v2\/users\/1"}],"replies":[{"embeddable":true,"href":"https:\/\/www.egemtv.com\/index.php?rest_route=%2Fwp%2Fv2%2Fcomments&post=39672"}],"version-history":[{"count":1,"href":"https:\/\/www.egemtv.com\/index.php?rest_route=\/wp\/v2\/posts\/39672\/revisions"}],"predecessor-version":[{"id":39674,"href":"https:\/\/www.egemtv.com\/index.php?rest_route=\/wp\/v2\/posts\/39672\/revisions\/39674"}],"wp:featuredmedia":[{"embeddable":true,"href":"https:\/\/www.egemtv.com\/index.php?rest_route=\/wp\/v2\/media\/39673"}],"wp:attachment":[{"href":"https:\/\/www.egemtv.com\/index.php?rest_route=%2Fwp%2Fv2%2Fmedia&parent=39672"}],"wp:term":[{"taxonomy":"category","embeddable":true,"href":"https:\/\/www.egemtv.com\/index.php?rest_route=%2Fwp%2Fv2%2Fcategories&post=39672"},{"taxonomy":"post_tag","embeddable":true,"href":"https:\/\/www.egemtv.com\/index.php?rest_route=%2Fwp%2Fv2%2Ftags&post=39672"}],"curies":[{"name":"wp","href":"https:\/\/api.w.org\/{rel}","templated":true}]}}