{"id":39669,"date":"2025-07-03T15:56:55","date_gmt":"2025-07-03T12:56:55","guid":{"rendered":"https:\/\/www.egemtv.com\/?p=39669"},"modified":"2025-07-03T15:57:01","modified_gmt":"2025-07-03T12:57:01","slug":"aydinli-minikler-buyuksehir-belediyesi-ile-yuzmeyi-ogreniyor","status":"publish","type":"post","link":"https:\/\/www.egemtv.com\/?p=39669","title":{"rendered":"Ayd\u0131nl\u0131 Minikler B\u00fcy\u00fck\u015fehir Belediyesi ile y\u00fczmeyi \u00f6\u011freniyor"},"content":{"rendered":"<p>Ayd\u0131n B\u00fcy\u00fck\u015fehir Belediyesi\u2019nin yaz tatiline \u00f6zel d\u00fczenledi\u011fi y\u00fczme kurslar\u0131 \u00e7ocuklar ve gen\u00e7lerden yo\u011fun ilgi g\u00f6r\u00fcyor. Sporun yan\u0131 s\u0131ra ki\u015fisel geli\u015fime de katk\u0131 sa\u011flayan kurslar hijyenik ve g\u00fcvenli ortam\u0131yla ailelerden tam not al\u0131yor. Ba\u015fkan \u00d6zlem \u00c7er\u00e7io\u011flu, &#8220;\u00c7ocuklar\u0131m\u0131z\u0131n yan\u0131nda olmaya devam edece\u011fiz&#8221; dedi.<\/p>\n<p>Ayd\u0131n B\u00fcy\u00fck\u015fehir Belediyesi, her ya\u015ftan vatanda\u015fa y\u00f6nelik projelerle Ayd\u0131nl\u0131lar\u0131n yan\u0131nda olmaya devam ediyor. B\u00fcy\u00fck\u015fehir Belediyesi taraf\u0131ndan \u00e7ocuklar\u0131n ve gen\u00e7lerin yaz tatilini verimli ge\u00e7irmesi amac\u0131yla d\u00fczenlenen yaz kurslar\u0131nda en yo\u011fun ilgiyi y\u00fczme bran\u015f\u0131 g\u00f6r\u00fcyor. Y\u00fczme kurslar\u0131, sadece spor yapma f\u0131rsat\u0131 sunmakla kalm\u0131yor; ayn\u0131 zamanda tak\u0131m \u00e7al\u0131\u015fmas\u0131, disiplin ve \u00f6zg\u00fcven gibi \u00f6nemli becerilerin geli\u015fimine de katk\u0131 sa\u011fl\u0131yor.<\/p>\n<p>Ayd\u0131n B\u00fcy\u00fck\u015fehir Belediye Ba\u015fkan\u0131 \u00d6zlem \u00c7er\u00e7io\u011flu, \u00e7ocuklar\u0131n geli\u015fimine katk\u0131 sa\u011flamak i\u00e7in B\u00fcy\u00fck\u015fehir Belediyesi\u2019nin \u00e7al\u0131\u015fmalar\u0131n\u0131n s\u00fcrece\u011fini belirtti ve &#8220;Belediyemizin t\u00fcm imk\u00e2nlar\u0131n\u0131 \u00e7ocuklar\u0131m\u0131z ve gen\u00e7lerimiz i\u00e7in seferber ediyoruz. Onlar\u0131n hem fiziksel hem de ki\u015fisel geli\u015fimlerine katk\u0131 sunmak en b\u00fcy\u00fck \u00f6nceli\u011fimiz. \u00c7ocuklar\u0131m\u0131z\u0131n yan\u0131nda olmaya devam edece\u011fiz&#8221; ifadelerini kulland\u0131.<\/p>\n<p>Kurslarda hijyen kurallar\u0131 b\u00fcy\u00fck bir titizlikle uygulan\u0131yor. Havuz sular\u0131n\u0131n d\u00fczenli olarak kimyasal, fiziksel ve mikrobiyolojik analizlerden ge\u00e7irildi\u011fi B\u00fcy\u00fck\u015fehir Belediyesi tesislerine aileler \u00e7ocuklar\u0131n\u0131 g\u00f6n\u00fcl rahatl\u0131\u011f\u0131yla g\u00f6nderiyor. Sa\u011flanan kaliteli hizmet nedeniyle aileler, Ba\u015fkan \u00c7er\u00e7io\u011flu\u2019na te\u015fekk\u00fcrlerini iletiyor.<br \/><\/p>\n","protected":false},"excerpt":{"rendered":"<p>Ayd\u0131n B\u00fcy\u00fck\u015fehir Belediyesi\u2019nin yaz tatiline \u00f6zel d\u00fczenledi\u011fi y\u00fczme kurslar\u0131 \u00e7ocuklar ve gen\u00e7lerden yo\u011fun ilgi g\u00f6r\u00fcyor. Sporun yan\u0131 s\u0131ra ki\u015fisel geli\u015fime de katk\u0131 sa\u011flayan kurslar hijyenik ve g\u00fcvenli ortam\u0131yla ailelerden tam not al\u0131yor. Ba\u015fkan \u00d6zlem \u00c7er\u00e7io\u011flu, &#8220;\u00c7ocuklar\u0131m\u0131z\u0131n yan\u0131nda olmaya devam edece\u011fiz&#8221; dedi. Ayd\u0131n B\u00fcy\u00fck\u015fehir Belediyesi, her ya\u015ftan vatanda\u015fa y\u00f6nelik projelerle Ayd\u0131nl\u0131lar\u0131n yan\u0131nda olmaya devam ediyor. B\u00fcy\u00fck\u015fehir&#8230;<\/p>\n","protected":false},"author":1,"featured_media":39670,"comment_status":"open","ping_status":"open","sticky":false,"template":"","format":"standard","meta":{"_crdt_document":"","footnotes":""},"categories":[1],"tags":[],"class_list":["post-39669","post","type-post","status-publish","format-standard","has-post-thumbnail","hentry","category-guncel"],"_links":{"self":[{"href":"https:\/\/www.egemtv.com\/index.php?rest_route=\/wp\/v2\/posts\/39669","targetHints":{"allow":["GET"]}}],"collection":[{"href":"https:\/\/www.egemtv.com\/index.php?rest_route=\/wp\/v2\/posts"}],"about":[{"href":"https:\/\/www.egemtv.com\/index.php?rest_route=\/wp\/v2\/types\/post"}],"author":[{"embeddable":true,"href":"https:\/\/www.egemtv.com\/index.php?rest_route=\/wp\/v2\/users\/1"}],"replies":[{"embeddable":true,"href":"https:\/\/www.egemtv.com\/index.php?rest_route=%2Fwp%2Fv2%2Fcomments&post=39669"}],"version-history":[{"count":1,"href":"https:\/\/www.egemtv.com\/index.php?rest_route=\/wp\/v2\/posts\/39669\/revisions"}],"predecessor-version":[{"id":39671,"href":"https:\/\/www.egemtv.com\/index.php?rest_route=\/wp\/v2\/posts\/39669\/revisions\/39671"}],"wp:featuredmedia":[{"embeddable":true,"href":"https:\/\/www.egemtv.com\/index.php?rest_route=\/wp\/v2\/media\/39670"}],"wp:attachment":[{"href":"https:\/\/www.egemtv.com\/index.php?rest_route=%2Fwp%2Fv2%2Fmedia&parent=39669"}],"wp:term":[{"taxonomy":"category","embeddable":true,"href":"https:\/\/www.egemtv.com\/index.php?rest_route=%2Fwp%2Fv2%2Fcategories&post=39669"},{"taxonomy":"post_tag","embeddable":true,"href":"https:\/\/www.egemtv.com\/index.php?rest_route=%2Fwp%2Fv2%2Ftags&post=39669"}],"curies":[{"name":"wp","href":"https:\/\/api.w.org\/{rel}","templated":true}]}}