{"id":39666,"date":"2025-07-03T15:56:49","date_gmt":"2025-07-03T12:56:49","guid":{"rendered":"https:\/\/www.egemtv.com\/?p=39666"},"modified":"2025-07-03T15:56:55","modified_gmt":"2025-07-03T12:56:55","slug":"afyonkarahisarda-15-ekime-kadar-ormanlik-alanlara-giris-ve-cevresinde-ates-yakmak-yasaklandi","status":"publish","type":"post","link":"https:\/\/www.egemtv.com\/?p=39666","title":{"rendered":"Afyonkarahisar\u2019da 15 Ekim\u2019e kadar ormanl\u0131k alanlara giri\u015f ve \u00e7evresinde ate\u015f yakmak yasakland\u0131"},"content":{"rendered":"<p>Afyonkarahisar Valisi Do\u00e7. Dr. K\u00fcbra G\u00fcran Yi\u011fitba\u015f\u0131, yaz sezonun ba\u015flad\u0131\u011f\u0131 tarihten itibaren orman yang\u0131n\u0131 ya\u015fanmad\u0131\u011f\u0131n\u0131 belirterek, &#8220;Bu istikrar\u0131n sa\u011flanmas\u0131 i\u00e7in 15 Ekim\u2019e kadar  ormanl\u0131k alanlara giri\u015f ve yak\u0131nlar\u0131nda ate\u015f yak\u0131lmas\u0131 yasaklanm\u0131\u015f ayn\u0131 zamandan Akda\u011f Tabiat Park\u0131nda jandarma komandolar\u0131m\u0131z g\u00f6revlendirilmi\u015ftir&#8221; dedi.<br \/>\n<br \/>Vali Yi\u011fitba\u015f\u0131, asayi\u015f ve g\u00fcvenlik konulu bas\u0131n toplant\u0131s\u0131 ger\u00e7ekle\u015ftirdi. Toplant\u0131da konu\u015fan Vali Yi\u011fitba\u015f\u0131 orman yang\u0131nlar\u0131 ile m\u00fccadeleye dikkat \u00e7ekti.  yaz sezonunun ba\u015flamas\u0131yla birlikte kent genelinde orman yang\u0131n\u0131 ya\u015fanmad\u0131\u011f\u0131n\u0131 ifade eden Vali Yi\u011fitba\u015f\u0131, &#8220;Valili\u011fimiz olarak, orman yang\u0131nlar\u0131na kar\u015f\u0131 m\u00fccadelemizi en \u00fcst seviyede s\u00fcrd\u00fcrmekteyiz. Bu \u00e7er\u00e7evede orman yang\u0131nlar\u0131 ile ilgili olarak alm\u0131\u015f oldu\u011fumuz karar do\u011frultusunda 15 Ekim\u2019e kadar ormanl\u0131k alanlara giri\u015fler ile orman \u00e7evresinde ve a\u00e7\u0131k alanlarda ate\u015f yakmak yasaklanm\u0131\u015ft\u0131r. Ayr\u0131ca, piknik, mangal ve an\u0131z yakmak gibi faaliyetlerden ka\u00e7\u0131n\u0131lmal\u0131d\u0131r.<br \/>\n<br \/>Alm\u0131\u015f oldu\u011fumuz kararlar, t\u00fcm kurumlar\u0131m\u0131z\u0131n i\u015fbirli\u011fi i\u00e7erisindeki \u00e7al\u0131\u015fmalar\u0131 ve vatanda\u015flar\u0131m\u0131z\u0131n da bu konudaki duyarl\u0131l\u0131\u011f\u0131 neticesinde bu y\u0131l i\u00e7erisinde ilimizde orman yang\u0131n\u0131 meydana gelmemi\u015ftir. Bundan sonraki d\u00f6nemde de bu azim ve kararl\u0131l\u0131kla \u00e7al\u0131\u015fmalar\u0131m\u0131z\u0131n devam edece\u011fi vatanda\u015flar\u0131m\u0131z taraf\u0131ndan bilinmelidir.<br \/>\n<br \/>Ayr\u0131ca Sand\u0131kl\u0131 il\u00e7emiz s\u0131n\u0131rlar\u0131nda bulunan Akda\u011f Tabiat Park\u0131n\u0131 ziyarete giden vatanda\u015flar\u0131m\u0131z\u0131n say\u0131s\u0131nda art\u0131\u015f g\u00f6zlemlenmektedir. Emniyet ve asayi\u015fin sa\u011flanmas\u0131 kapsam\u0131nda \u0130l Jandarma Komutanl\u0131\u011f\u0131m\u0131zca gerekli tedbirler al\u0131nm\u0131\u015f olup bu kapsamda hafta i\u00e7i asayi\u015f timleri, hafta sonlar\u0131 ise asayi\u015f timlerine ilave olarak komando timleri g\u00f6revlendirilmektedir. \u00f6n\u00fcm\u00fczdeki d\u00f6nemde de atl\u0131 jandarma timleri g\u00f6revlendirilecektir&#8221; dedi.<\/p>\n<p>&#8220;Eber G\u00f6l\u00fc\u2019nde son 5 y\u0131l i\u00e7inde yakla\u015f\u0131k 20 yang\u0131n meydana geldi&#8221;<br \/>\n<br \/>Eber G\u00f6l\u00fc\u2019nde s\u00fcrd\u00fcr\u00fclen yang\u0131nla m\u00fccadele \u00e7al\u0131\u015fmalar\u0131na da denilen Vali Yi\u011fitba\u015f\u0131 a\u00e7\u0131klamalar\u0131n\u0131 \u015f\u00f6yle s\u00fcrd\u00fcrd\u00fc:<br \/>\n<br \/>&#8220;Orman yang\u0131nlar\u0131na de\u011finmi\u015f iken Eber G\u00f6l\u00fc ile ilgili \u00f6nemli bir hususu tekrar hat\u0131rlatmak istiyorum. G\u00f6ldeki su seviyesinin azalmas\u0131 ve \u00e7evredeki bitki \u00f6rt\u00fcs\u00fcn\u00fcn kurumas\u0131 yang\u0131n riskini artt\u0131rmaktad\u0131r. Sigara izmariti, mangal, cam \u015fi\u015fe at\u0131klar vb. kaynaklardan \u00e7\u0131kan yang\u0131nlar kontrol edilemeyerek g\u00f6le yay\u0131lmaktad\u0131r. Eber g\u00f6l\u00fc havzas\u0131nda son 5 y\u0131l i\u00e7erisinde toplam 92 olay meydana gelmi\u015ftir. Bu olaylar\u0131n y\u00fczde 20\u2019sini \u2019Sazl\u0131k Yang\u0131n\u0131\u2019 olu\u015fturmaktad\u0131r. Bilindi\u011fi \u00fczere Eber G\u00f6l\u00fcnde meydana gelen yang\u0131nlar, geni\u015f alana yay\u0131lmas\u0131 ve ancak havadan yap\u0131lan m\u00fcdahaleler ile kontrol alt\u0131na al\u0131nabilmesi nedeniyle uzun s\u00fcrmektedir. Bu nedenle do\u011fal hayat\u0131n zarar g\u00f6rmesine ve vatanda\u015flar\u0131m\u0131z\u0131n ekonomik a\u00e7\u0131dan s\u0131k\u0131nt\u0131 ya\u015famas\u0131na neden olmaktad\u0131r.  Eber g\u00f6l\u00fcn\u00fcn tekrar eski habitat\u0131na kavu\u015fmas\u0131, ka\u00e7ak avc\u0131l\u0131\u011f\u0131n \u00f6nlenmesi, endemik bitkilerin korunmas\u0131 ve gelecek nesillere aktar\u0131lmas\u0131 maksad\u0131yla Jandarma ekiplerimiz taraf\u0131ndan devriye faaliyetleri aral\u0131ks\u0131z devam etmektedir. Bu konu ile ilgili olarak vatanda\u015flar\u0131m\u0131z\u0131n da deste\u011fini bekliyoruz.&#8221;<br \/><\/p>\n","protected":false},"excerpt":{"rendered":"<p>Afyonkarahisar Valisi Do\u00e7. Dr. K\u00fcbra G\u00fcran Yi\u011fitba\u015f\u0131, yaz sezonun ba\u015flad\u0131\u011f\u0131 tarihten itibaren orman yang\u0131n\u0131 ya\u015fanmad\u0131\u011f\u0131n\u0131 belirterek, &#8220;Bu istikrar\u0131n sa\u011flanmas\u0131 i\u00e7in 15 Ekim\u2019e kadar ormanl\u0131k alanlara giri\u015f ve yak\u0131nlar\u0131nda ate\u015f yak\u0131lmas\u0131 yasaklanm\u0131\u015f ayn\u0131 zamandan Akda\u011f Tabiat Park\u0131nda jandarma komandolar\u0131m\u0131z g\u00f6revlendirilmi\u015ftir&#8221; dedi. Vali Yi\u011fitba\u015f\u0131, asayi\u015f ve g\u00fcvenlik konulu bas\u0131n toplant\u0131s\u0131 ger\u00e7ekle\u015ftirdi. Toplant\u0131da konu\u015fan Vali Yi\u011fitba\u015f\u0131 orman yang\u0131nlar\u0131&#8230;<\/p>\n","protected":false},"author":1,"featured_media":39667,"comment_status":"open","ping_status":"open","sticky":false,"template":"","format":"standard","meta":{"_crdt_document":"","footnotes":""},"categories":[1],"tags":[],"class_list":["post-39666","post","type-post","status-publish","format-standard","has-post-thumbnail","hentry","category-guncel"],"_links":{"self":[{"href":"https:\/\/www.egemtv.com\/index.php?rest_route=\/wp\/v2\/posts\/39666","targetHints":{"allow":["GET"]}}],"collection":[{"href":"https:\/\/www.egemtv.com\/index.php?rest_route=\/wp\/v2\/posts"}],"about":[{"href":"https:\/\/www.egemtv.com\/index.php?rest_route=\/wp\/v2\/types\/post"}],"author":[{"embeddable":true,"href":"https:\/\/www.egemtv.com\/index.php?rest_route=\/wp\/v2\/users\/1"}],"replies":[{"embeddable":true,"href":"https:\/\/www.egemtv.com\/index.php?rest_route=%2Fwp%2Fv2%2Fcomments&post=39666"}],"version-history":[{"count":1,"href":"https:\/\/www.egemtv.com\/index.php?rest_route=\/wp\/v2\/posts\/39666\/revisions"}],"predecessor-version":[{"id":39668,"href":"https:\/\/www.egemtv.com\/index.php?rest_route=\/wp\/v2\/posts\/39666\/revisions\/39668"}],"wp:featuredmedia":[{"embeddable":true,"href":"https:\/\/www.egemtv.com\/index.php?rest_route=\/wp\/v2\/media\/39667"}],"wp:attachment":[{"href":"https:\/\/www.egemtv.com\/index.php?rest_route=%2Fwp%2Fv2%2Fmedia&parent=39666"}],"wp:term":[{"taxonomy":"category","embeddable":true,"href":"https:\/\/www.egemtv.com\/index.php?rest_route=%2Fwp%2Fv2%2Fcategories&post=39666"},{"taxonomy":"post_tag","embeddable":true,"href":"https:\/\/www.egemtv.com\/index.php?rest_route=%2Fwp%2Fv2%2Ftags&post=39666"}],"curies":[{"name":"wp","href":"https:\/\/api.w.org\/{rel}","templated":true}]}}