{"id":39660,"date":"2025-07-03T15:37:06","date_gmt":"2025-07-03T12:37:06","guid":{"rendered":"https:\/\/www.egemtv.com\/?p=39660"},"modified":"2025-07-03T15:37:09","modified_gmt":"2025-07-03T12:37:09","slug":"bozdogan-belediyesinden-yangin-uyarisi","status":"publish","type":"post","link":"https:\/\/www.egemtv.com\/?p=39660","title":{"rendered":"Bozdo\u011fan Belediyesi\u2019nden yang\u0131n uyar\u0131s\u0131"},"content":{"rendered":"<p>Bozdo\u011fan Belediyesi, artan hava s\u0131cakl\u0131klar\u0131 ve d\u00fc\u015fen nem oranlar\u0131yla birlikte il\u00e7ede yang\u0131n riskinin ciddi boyutlara ula\u015ft\u0131\u011f\u0131n\u0131 belirterek vatanda\u015flara \u00f6nemli uyar\u0131larda bulundu.<br \/>\n<br \/>Yap\u0131lan a\u00e7\u0131klamada, \u00f6zellikle yaz aylar\u0131nda s\u0131k\u00e7a ya\u015fanan orman ve arazi yang\u0131nlar\u0131na kar\u015f\u0131 toplumsal duyarl\u0131l\u0131\u011f\u0131n b\u00fcy\u00fck \u00f6nem ta\u015f\u0131d\u0131\u011f\u0131 vurguland\u0131. Belediyeden yap\u0131lan \u00e7a\u011fr\u0131da vatanda\u015flar\u0131n; Yol kenarlar\u0131na sigara izmariti atmamas\u0131, cam \u015fi\u015fe ve \u00e7\u00f6p gibi at\u0131klar\u0131 do\u011faya b\u0131rakmamas\u0131, an\u0131z ve kuru ot yakmaktan ka\u00e7\u0131nmas\u0131, ormanl\u0131k ve tar\u0131m arazilerine giri\u015flerde dikkatli olmas\u0131, herhangi bir duman veya ate\u015f g\u00f6r\u00fcld\u00fc\u011f\u00fcnde 112 Acil \u00c7a\u011fr\u0131 Merkezi ya da 177 Orman Yang\u0131n \u0130hbar Hatt\u0131\u2019n\u0131 aramas\u0131 istendi.<br \/>\n<br \/>A\u00e7\u0131klamada, &#8220;En k\u00fc\u00e7\u00fck ihmalin b\u00fcy\u00fck felaketlere yol a\u00e7abilece\u011fini unutmayal\u0131m. Do\u011fam\u0131z\u0131 birlikte koruyal\u0131m&#8221; ifadelerine yer verildi.<br \/><\/p>\n","protected":false},"excerpt":{"rendered":"<p>Bozdo\u011fan Belediyesi, artan hava s\u0131cakl\u0131klar\u0131 ve d\u00fc\u015fen nem oranlar\u0131yla birlikte il\u00e7ede yang\u0131n riskinin ciddi boyutlara ula\u015ft\u0131\u011f\u0131n\u0131 belirterek vatanda\u015flara \u00f6nemli uyar\u0131larda bulundu. Yap\u0131lan a\u00e7\u0131klamada, \u00f6zellikle yaz aylar\u0131nda s\u0131k\u00e7a ya\u015fanan orman ve arazi yang\u0131nlar\u0131na kar\u015f\u0131 toplumsal duyarl\u0131l\u0131\u011f\u0131n b\u00fcy\u00fck \u00f6nem ta\u015f\u0131d\u0131\u011f\u0131 vurguland\u0131. Belediyeden yap\u0131lan \u00e7a\u011fr\u0131da vatanda\u015flar\u0131n; Yol kenarlar\u0131na sigara izmariti atmamas\u0131, cam \u015fi\u015fe ve \u00e7\u00f6p gibi at\u0131klar\u0131 do\u011faya&#8230;<\/p>\n","protected":false},"author":1,"featured_media":39661,"comment_status":"open","ping_status":"open","sticky":false,"template":"","format":"standard","meta":{"_crdt_document":"","footnotes":""},"categories":[1],"tags":[],"class_list":["post-39660","post","type-post","status-publish","format-standard","has-post-thumbnail","hentry","category-guncel"],"_links":{"self":[{"href":"https:\/\/www.egemtv.com\/index.php?rest_route=\/wp\/v2\/posts\/39660","targetHints":{"allow":["GET"]}}],"collection":[{"href":"https:\/\/www.egemtv.com\/index.php?rest_route=\/wp\/v2\/posts"}],"about":[{"href":"https:\/\/www.egemtv.com\/index.php?rest_route=\/wp\/v2\/types\/post"}],"author":[{"embeddable":true,"href":"https:\/\/www.egemtv.com\/index.php?rest_route=\/wp\/v2\/users\/1"}],"replies":[{"embeddable":true,"href":"https:\/\/www.egemtv.com\/index.php?rest_route=%2Fwp%2Fv2%2Fcomments&post=39660"}],"version-history":[{"count":1,"href":"https:\/\/www.egemtv.com\/index.php?rest_route=\/wp\/v2\/posts\/39660\/revisions"}],"predecessor-version":[{"id":39662,"href":"https:\/\/www.egemtv.com\/index.php?rest_route=\/wp\/v2\/posts\/39660\/revisions\/39662"}],"wp:featuredmedia":[{"embeddable":true,"href":"https:\/\/www.egemtv.com\/index.php?rest_route=\/wp\/v2\/media\/39661"}],"wp:attachment":[{"href":"https:\/\/www.egemtv.com\/index.php?rest_route=%2Fwp%2Fv2%2Fmedia&parent=39660"}],"wp:term":[{"taxonomy":"category","embeddable":true,"href":"https:\/\/www.egemtv.com\/index.php?rest_route=%2Fwp%2Fv2%2Fcategories&post=39660"},{"taxonomy":"post_tag","embeddable":true,"href":"https:\/\/www.egemtv.com\/index.php?rest_route=%2Fwp%2Fv2%2Ftags&post=39660"}],"curies":[{"name":"wp","href":"https:\/\/api.w.org\/{rel}","templated":true}]}}