{"id":39657,"date":"2025-07-03T15:37:01","date_gmt":"2025-07-03T12:37:01","guid":{"rendered":"https:\/\/www.egemtv.com\/?p=39657"},"modified":"2025-07-03T15:37:06","modified_gmt":"2025-07-03T12:37:06","slug":"datca-ulku-ocaklari-baskani-evinde-olu-bulundu","status":"publish","type":"post","link":"https:\/\/www.egemtv.com\/?p=39657","title":{"rendered":"Dat\u00e7a \u00dclk\u00fc Ocaklar\u0131 Ba\u015fkan\u0131 evinde \u00f6l\u00fc bulundu"},"content":{"rendered":"<p>Mu\u011fla\u2019n\u0131n Dat\u00e7a il\u00e7esinde \u0130l\u00e7e \u00dclk\u00fc Ocaklar\u0131 Ba\u015fkan\u0131 Ali Eren evinde \u00f6l\u00fc bulundu.<br \/>\n<br \/>Olay, Dat\u00e7a \u0130skele Mahallesi Osman Akkaraca Sokak \u00fczerindeki evde \u00f6\u011fle saatlerinde meydana geldi. Edinilen bilgiye g\u00f6re, Dat\u00e7a \u0130l\u00e7e Tar\u0131m ve Orman M\u00fcd\u00fcrl\u00fc\u011f\u00fc\u2019nde Peyzaj M\u00fchendisi olarak \u00e7al\u0131\u015fan, ayn\u0131 zamanda Dat\u00e7a \u00dclk\u00fc Ocaklar\u0131 Ba\u015fkan\u0131 olarak g\u00f6rev yapan Ali Eren (35), annesi taraf\u0131ndan yata\u011f\u0131nda hareketsiz halde bulundu. \u0130hbar \u00fczerine adrese sa\u011fl\u0131k ve polis ekipleri sevk edildi. Sa\u011fl\u0131k ekiplerince yap\u0131lan kontrollerde Eren\u2019in hayat\u0131n\u0131 kaybetti\u011fi tespit edildi. Yap\u0131lan ilk incelemelerde Eren\u2019in kalp krizi sonucu hayat\u0131n\u0131 kaybetti\u011fi ihtimali \u00fczerinde durulurken, polisin olayla ilgili incelemesi s\u00fcr\u00fcyor.<br \/><\/p>\n","protected":false},"excerpt":{"rendered":"<p>Mu\u011fla\u2019n\u0131n Dat\u00e7a il\u00e7esinde \u0130l\u00e7e \u00dclk\u00fc Ocaklar\u0131 Ba\u015fkan\u0131 Ali Eren evinde \u00f6l\u00fc bulundu. Olay, Dat\u00e7a \u0130skele Mahallesi Osman Akkaraca Sokak \u00fczerindeki evde \u00f6\u011fle saatlerinde meydana geldi. Edinilen bilgiye g\u00f6re, Dat\u00e7a \u0130l\u00e7e Tar\u0131m ve Orman M\u00fcd\u00fcrl\u00fc\u011f\u00fc\u2019nde Peyzaj M\u00fchendisi olarak \u00e7al\u0131\u015fan, ayn\u0131 zamanda Dat\u00e7a \u00dclk\u00fc Ocaklar\u0131 Ba\u015fkan\u0131 olarak g\u00f6rev yapan Ali Eren (35), annesi taraf\u0131ndan yata\u011f\u0131nda hareketsiz halde&#8230;<\/p>\n","protected":false},"author":1,"featured_media":39658,"comment_status":"open","ping_status":"open","sticky":false,"template":"","format":"standard","meta":{"_crdt_document":"","footnotes":""},"categories":[5],"tags":[],"class_list":["post-39657","post","type-post","status-publish","format-standard","has-post-thumbnail","hentry","category-asayis"],"_links":{"self":[{"href":"https:\/\/www.egemtv.com\/index.php?rest_route=\/wp\/v2\/posts\/39657","targetHints":{"allow":["GET"]}}],"collection":[{"href":"https:\/\/www.egemtv.com\/index.php?rest_route=\/wp\/v2\/posts"}],"about":[{"href":"https:\/\/www.egemtv.com\/index.php?rest_route=\/wp\/v2\/types\/post"}],"author":[{"embeddable":true,"href":"https:\/\/www.egemtv.com\/index.php?rest_route=\/wp\/v2\/users\/1"}],"replies":[{"embeddable":true,"href":"https:\/\/www.egemtv.com\/index.php?rest_route=%2Fwp%2Fv2%2Fcomments&post=39657"}],"version-history":[{"count":1,"href":"https:\/\/www.egemtv.com\/index.php?rest_route=\/wp\/v2\/posts\/39657\/revisions"}],"predecessor-version":[{"id":39659,"href":"https:\/\/www.egemtv.com\/index.php?rest_route=\/wp\/v2\/posts\/39657\/revisions\/39659"}],"wp:featuredmedia":[{"embeddable":true,"href":"https:\/\/www.egemtv.com\/index.php?rest_route=\/wp\/v2\/media\/39658"}],"wp:attachment":[{"href":"https:\/\/www.egemtv.com\/index.php?rest_route=%2Fwp%2Fv2%2Fmedia&parent=39657"}],"wp:term":[{"taxonomy":"category","embeddable":true,"href":"https:\/\/www.egemtv.com\/index.php?rest_route=%2Fwp%2Fv2%2Fcategories&post=39657"},{"taxonomy":"post_tag","embeddable":true,"href":"https:\/\/www.egemtv.com\/index.php?rest_route=%2Fwp%2Fv2%2Ftags&post=39657"}],"curies":[{"name":"wp","href":"https:\/\/api.w.org\/{rel}","templated":true}]}}