{"id":39651,"date":"2025-07-03T14:56:25","date_gmt":"2025-07-03T11:56:25","guid":{"rendered":"https:\/\/www.egemtv.com\/?p=39651"},"modified":"2025-07-03T14:56:31","modified_gmt":"2025-07-03T11:56:31","slug":"fotografcidan-kizinin-dugunu-icin-sira-disi-davetiye","status":"publish","type":"post","link":"https:\/\/www.egemtv.com\/?p=39651","title":{"rendered":"Foto\u011fraf\u00e7\u0131dan k\u0131z\u0131n\u0131n d\u00fc\u011f\u00fcn\u00fc i\u00e7in s\u0131ra d\u0131\u015f\u0131 davetiye"},"content":{"rendered":"<p>Mu\u011fla\u2019n\u0131n Mente\u015fe il\u00e7esinin en eski foto\u011fraf\u00e7\u0131lar\u0131ndan birisi olan Sadri Uysal, k\u0131z\u0131n\u0131n d\u00fc\u011f\u00fcn\u00fc i\u00e7in s\u0131ra d\u0131\u015f\u0131 bir d\u00fc\u011f\u00fcn davetiyesi zarf\u0131 haz\u0131rlad\u0131. Yakla\u015f\u0131k 2 bin 500 adet davetiye haz\u0131rlayan Uysal, zarflar\u0131n \u00f6n k\u0131sm\u0131na davet edilen vatanda\u015flar\u0131n isimlerini yazmak yerine foto\u011fraflar\u0131n\u0131 bast\u0131rd\u0131.<br \/>\n<br \/>Mu\u011fla\u2019n\u0131n Mente\u015fe il\u00e7esinde 35 y\u0131ld\u0131r foto\u011fraf\u00e7\u0131l\u0131k yapan Sadri Uysal, k\u0131z\u0131n\u0131n 12-13 Temmuz tarihlerinde ger\u00e7ekle\u015ftirilecek d\u00fc\u011f\u00fcn davetiyeleri i\u00e7in 4 ay \u00f6nceden haz\u0131rl\u0131klara ba\u015flad\u0131. Meslek hayat\u0131 boyunca m\u00fc\u015fteri i\u00e7in \u00e7ekti\u011fi foto\u011fraflar\u0131 tek tek ar\u015fivden \u00e7\u0131karan Uysal, d\u00fc\u011f\u00fcn davetiyesi zarf\u0131n\u0131n \u00fczerine davet edilecek misafirin ismini yazmak yerine foto\u011fraf\u0131n\u0131 yap\u0131\u015ft\u0131rd\u0131. Foto\u011fraflar\u0131n\u0131 bulamad\u0131\u011f\u0131 tan\u0131d\u0131klar\u0131n\u0131n foto\u011fraflar\u0131n\u0131 ise sosyal medyadan temin etti.<br \/>\n<br \/>Y\u0131llard\u0131r yapt\u0131\u011f\u0131 mesle\u011finin avantaj\u0131n\u0131 d\u00fc\u011f\u00fcn davetiyesine yans\u0131tt\u0131\u011f\u0131n\u0131 belirten Sadri Uysal, &#8220;Mente\u015fe il\u00e7esinde 35 y\u0131ld\u0131r foto\u011fraf\u00e7\u0131l\u0131k yap\u0131yorum. K\u0131z\u0131m Selin\u2019in d\u00fc\u011f\u00fcn davetiyesi i\u00e7in s\u0131ra d\u0131\u015f\u0131 bir davetiye olmas\u0131n\u0131 istedim ve akl\u0131ma m\u00fc\u015fterilerimin ar\u015fivimde olan foto\u011fraflar\u0131n\u0131 davetiye zarf\u0131n\u0131n \u00fczerine yap\u0131\u015ft\u0131rmak geldi. Mu\u011fla\u2019da ilk defa b\u00f6yle davetiye tasarlad\u0131m. Davetiye b\u0131rakt\u0131\u011f\u0131m dostlar\u0131m zarf\u0131 g\u00f6r\u00fcnce \u00e7ok \u015fa\u015f\u0131r\u0131yorlar. \u0130lgin\u00e7 davetiye olmas\u0131 nedeniyle \u00e7ok olumlu tepkiler ald\u0131m&#8221; dedi.<br \/><\/p>\n","protected":false},"excerpt":{"rendered":"<p>Mu\u011fla\u2019n\u0131n Mente\u015fe il\u00e7esinin en eski foto\u011fraf\u00e7\u0131lar\u0131ndan birisi olan Sadri Uysal, k\u0131z\u0131n\u0131n d\u00fc\u011f\u00fcn\u00fc i\u00e7in s\u0131ra d\u0131\u015f\u0131 bir d\u00fc\u011f\u00fcn davetiyesi zarf\u0131 haz\u0131rlad\u0131. Yakla\u015f\u0131k 2 bin 500 adet davetiye haz\u0131rlayan Uysal, zarflar\u0131n \u00f6n k\u0131sm\u0131na davet edilen vatanda\u015flar\u0131n isimlerini yazmak yerine foto\u011fraflar\u0131n\u0131 bast\u0131rd\u0131. Mu\u011fla\u2019n\u0131n Mente\u015fe il\u00e7esinde 35 y\u0131ld\u0131r foto\u011fraf\u00e7\u0131l\u0131k yapan Sadri Uysal, k\u0131z\u0131n\u0131n 12-13 Temmuz tarihlerinde ger\u00e7ekle\u015ftirilecek d\u00fc\u011f\u00fcn davetiyeleri&#8230;<\/p>\n","protected":false},"author":1,"featured_media":39652,"comment_status":"open","ping_status":"open","sticky":false,"template":"","format":"standard","meta":{"_crdt_document":"","footnotes":""},"categories":[123],"tags":[],"class_list":["post-39651","post","type-post","status-publish","format-standard","has-post-thumbnail","hentry","category-gundem"],"_links":{"self":[{"href":"https:\/\/www.egemtv.com\/index.php?rest_route=\/wp\/v2\/posts\/39651","targetHints":{"allow":["GET"]}}],"collection":[{"href":"https:\/\/www.egemtv.com\/index.php?rest_route=\/wp\/v2\/posts"}],"about":[{"href":"https:\/\/www.egemtv.com\/index.php?rest_route=\/wp\/v2\/types\/post"}],"author":[{"embeddable":true,"href":"https:\/\/www.egemtv.com\/index.php?rest_route=\/wp\/v2\/users\/1"}],"replies":[{"embeddable":true,"href":"https:\/\/www.egemtv.com\/index.php?rest_route=%2Fwp%2Fv2%2Fcomments&post=39651"}],"version-history":[{"count":1,"href":"https:\/\/www.egemtv.com\/index.php?rest_route=\/wp\/v2\/posts\/39651\/revisions"}],"predecessor-version":[{"id":39653,"href":"https:\/\/www.egemtv.com\/index.php?rest_route=\/wp\/v2\/posts\/39651\/revisions\/39653"}],"wp:featuredmedia":[{"embeddable":true,"href":"https:\/\/www.egemtv.com\/index.php?rest_route=\/wp\/v2\/media\/39652"}],"wp:attachment":[{"href":"https:\/\/www.egemtv.com\/index.php?rest_route=%2Fwp%2Fv2%2Fmedia&parent=39651"}],"wp:term":[{"taxonomy":"category","embeddable":true,"href":"https:\/\/www.egemtv.com\/index.php?rest_route=%2Fwp%2Fv2%2Fcategories&post=39651"},{"taxonomy":"post_tag","embeddable":true,"href":"https:\/\/www.egemtv.com\/index.php?rest_route=%2Fwp%2Fv2%2Ftags&post=39651"}],"curies":[{"name":"wp","href":"https:\/\/api.w.org\/{rel}","templated":true}]}}