{"id":39645,"date":"2025-07-03T14:56:15","date_gmt":"2025-07-03T11:56:15","guid":{"rendered":"https:\/\/www.egemtv.com\/?p=39645"},"modified":"2025-07-03T14:56:20","modified_gmt":"2025-07-03T11:56:20","slug":"yunusemrede-ozel-agaclandirma-alanlarina-bakim","status":"publish","type":"post","link":"https:\/\/www.egemtv.com\/?p=39645","title":{"rendered":"Yunusemre\u2019de \u00f6zel a\u011fa\u00e7land\u0131rma alanlar\u0131na bak\u0131m"},"content":{"rendered":"<p>Yunusemre Belediyesi, Orman M\u00fcd\u00fcrl\u00fc\u011f\u00fc ile yap\u0131lan protokol kapsam\u0131nda tahsis edilen \u00f6zel a\u011fa\u00e7land\u0131rma alanlar\u0131nda bak\u0131m \u00e7al\u0131\u015fmalar\u0131na ba\u015flad\u0131.<br \/>\n<br \/>Yunusemre Belediyesi, Orman M\u00fcd\u00fcrl\u00fc\u011f\u00fc ile imzalanan protokol kapsam\u0131nda belediyeye tahsis edilen \u00f6zel a\u011fa\u00e7land\u0131rma alanlar\u0131n\u0131n bak\u0131m \u00e7al\u0131\u015fmalar\u0131na ba\u015flad\u0131. Bu do\u011frultuda, Seyitli Mahallesi\u2019nde bulunan \u00f6zel a\u011fa\u00e7land\u0131rma alanlar\u0131ndan Bademlik b\u00f6lgesinde bak\u0131m \u00e7al\u0131\u015fmalar\u0131 y\u00fcr\u00fct\u00fcl\u00fcyor. Yap\u0131lan \u00e7al\u0131\u015fmalarla, b\u00f6lgenin olabilecek yang\u0131nlara kar\u015f\u0131 korunmas\u0131 ve a\u011fa\u00e7lar\u0131n sa\u011fl\u0131kl\u0131 \u015fekilde geli\u015fiminin sa\u011flanmas\u0131 hedefleniyor. Belediye Tar\u0131msal Hizmetler M\u00fcd\u00fcrl\u00fc\u011f\u00fc personeli ve belediyeye ait i\u015f makineleriyle ger\u00e7ekle\u015ftirilen bak\u0131m faaliyetleri, di\u011fer \u00f6zel a\u011fa\u00e7land\u0131rma alanlar\u0131nda da s\u00fcrd\u00fcr\u00fclecek.<br \/><\/p>\n","protected":false},"excerpt":{"rendered":"<p>Yunusemre Belediyesi, Orman M\u00fcd\u00fcrl\u00fc\u011f\u00fc ile yap\u0131lan protokol kapsam\u0131nda tahsis edilen \u00f6zel a\u011fa\u00e7land\u0131rma alanlar\u0131nda bak\u0131m \u00e7al\u0131\u015fmalar\u0131na ba\u015flad\u0131. Yunusemre Belediyesi, Orman M\u00fcd\u00fcrl\u00fc\u011f\u00fc ile imzalanan protokol kapsam\u0131nda belediyeye tahsis edilen \u00f6zel a\u011fa\u00e7land\u0131rma alanlar\u0131n\u0131n bak\u0131m \u00e7al\u0131\u015fmalar\u0131na ba\u015flad\u0131. Bu do\u011frultuda, Seyitli Mahallesi\u2019nde bulunan \u00f6zel a\u011fa\u00e7land\u0131rma alanlar\u0131ndan Bademlik b\u00f6lgesinde bak\u0131m \u00e7al\u0131\u015fmalar\u0131 y\u00fcr\u00fct\u00fcl\u00fcyor. Yap\u0131lan \u00e7al\u0131\u015fmalarla, b\u00f6lgenin olabilecek yang\u0131nlara kar\u015f\u0131 korunmas\u0131 ve a\u011fa\u00e7lar\u0131n&#8230;<\/p>\n","protected":false},"author":1,"featured_media":39646,"comment_status":"open","ping_status":"open","sticky":false,"template":"","format":"standard","meta":{"_crdt_document":"","footnotes":""},"categories":[1],"tags":[],"class_list":["post-39645","post","type-post","status-publish","format-standard","has-post-thumbnail","hentry","category-guncel"],"_links":{"self":[{"href":"https:\/\/www.egemtv.com\/index.php?rest_route=\/wp\/v2\/posts\/39645","targetHints":{"allow":["GET"]}}],"collection":[{"href":"https:\/\/www.egemtv.com\/index.php?rest_route=\/wp\/v2\/posts"}],"about":[{"href":"https:\/\/www.egemtv.com\/index.php?rest_route=\/wp\/v2\/types\/post"}],"author":[{"embeddable":true,"href":"https:\/\/www.egemtv.com\/index.php?rest_route=\/wp\/v2\/users\/1"}],"replies":[{"embeddable":true,"href":"https:\/\/www.egemtv.com\/index.php?rest_route=%2Fwp%2Fv2%2Fcomments&post=39645"}],"version-history":[{"count":1,"href":"https:\/\/www.egemtv.com\/index.php?rest_route=\/wp\/v2\/posts\/39645\/revisions"}],"predecessor-version":[{"id":39647,"href":"https:\/\/www.egemtv.com\/index.php?rest_route=\/wp\/v2\/posts\/39645\/revisions\/39647"}],"wp:featuredmedia":[{"embeddable":true,"href":"https:\/\/www.egemtv.com\/index.php?rest_route=\/wp\/v2\/media\/39646"}],"wp:attachment":[{"href":"https:\/\/www.egemtv.com\/index.php?rest_route=%2Fwp%2Fv2%2Fmedia&parent=39645"}],"wp:term":[{"taxonomy":"category","embeddable":true,"href":"https:\/\/www.egemtv.com\/index.php?rest_route=%2Fwp%2Fv2%2Fcategories&post=39645"},{"taxonomy":"post_tag","embeddable":true,"href":"https:\/\/www.egemtv.com\/index.php?rest_route=%2Fwp%2Fv2%2Ftags&post=39645"}],"curies":[{"name":"wp","href":"https:\/\/api.w.org\/{rel}","templated":true}]}}