{"id":39642,"date":"2025-07-03T14:37:11","date_gmt":"2025-07-03T11:37:11","guid":{"rendered":"https:\/\/www.egemtv.com\/?p=39642"},"modified":"2025-07-03T14:37:16","modified_gmt":"2025-07-03T11:37:16","slug":"didim-belediye-meclisi-toplantisi-yapildi","status":"publish","type":"post","link":"https:\/\/www.egemtv.com\/?p=39642","title":{"rendered":"Didim Belediye Meclisi toplant\u0131s\u0131 yap\u0131ld\u0131"},"content":{"rendered":"<p>Didim Belediye Meclisi\u2019nin Temmuz ay\u0131 ola\u011fan meclis toplant\u0131s\u0131 ger\u00e7ekle\u015ftirildi.<\/p>\n<p>Didim Belediye Meclisinin Temmuz ay\u0131 meclis toplant\u0131s\u0131 yap\u0131ld\u0131. Belediye Ba\u015fkan\u0131 Hatice Gen\u00e7ay ba\u015fkanl\u0131\u011f\u0131ndaki toplant\u0131, Sayg\u0131 duru\u015funda bulunulmas\u0131 ve \u0130stiklal Mar\u015f\u0131\u2019n\u0131n okunmas\u0131n\u0131n ard\u0131ndan ilk oturumun yap\u0131lmas\u0131 \u00fczerine g\u00fcndeme ge\u00e7ildi.<\/p>\n<p>\u0130lk oturumda 7 madde komisyonlara havale edilirken Temizlik \u0130\u015fleri M\u00fcd\u00fcrl\u00fc\u011f\u00fcn\u00fcn hizmet arac\u0131 al\u0131m\u0131 noktas\u0131ndaki talebi ile Fen \u0130\u015fleri M\u00fcd\u00fcrl\u00fc\u011f\u00fcn\u00fcn 3 tonluk forklift al\u0131m\u0131 talebi oy birli\u011fiyle kabul edildi.<\/p>\n<p>Temmuz ay\u0131 meclis toplant\u0131s\u0131n\u0131n ikinci oturumunda Yaz\u0131 \u0130\u015fleri M\u00fcd\u00fcrl\u00fc\u011f\u00fc \u00e7al\u0131\u015fma usul ve esaslar\u0131 hakk\u0131ndaki y\u00f6netmeli\u011fin revize edilmesi konusu ile \u00c7ocuk meclisinin y\u00f6netmeli\u011finin g\u00fcncellenmesi konusu komisyonlardan gelen rapora g\u00f6re oy birli\u011fiyle kabul edildi.<\/p>\n<p>G\u00fcndemde ayr\u0131ca ge\u00e7ti\u011fimiz g\u00fcnlerde vefat eden Manisa B\u00fcy\u00fck\u015fehir Belediye Ba\u015fkan\u0131 Ferdi Zeyrek\u2019in ad\u0131n\u0131n bir parka verilmesi konusu oy birli\u011fiyle kabul edildi. G\u00fcndemde imar komisyonuna havale edilen iki trafo yeriyle ilgili madde oy birli\u011fiyle kabul edilirken, Destek Hizmetler M\u00fcd\u00fcrl\u00fc\u011f\u00fcne ba\u011fl\u0131 &#8220;\u0130n\u00f6n\u00fc Gen\u00e7lik ve Spor Park\u0131\u2019n\u0131n&#8221; K\u00fclt\u00fcr ve Sosyal \u0130\u015fler M\u00fcd\u00fcrl\u00fc\u011f\u00fc\u2019ne ba\u011flanmas\u0131 oy birli\u011fiyle kabul edildi. G\u00fcndem ayr\u0131ca K\u00fclt\u00fcr ve Sosyal \u0130\u015fler M\u00fcd\u00fcrl\u00fc\u011f\u00fc\u2019n\u00fcn seramik ve heykel \u00fccretleriyle ilgili \u00fccret tarife cetveli komisyonca belirlenerek, oy birli\u011fiyle kabul edildi.<\/p>\n<p>Didim Belediyesi b\u00fcnyesindeki &#8220;Deniz Y\u0131ld\u0131zlar\u0131 Kre\u015f ve G\u00fcnd\u00fcz Bak\u0131m Evi&#8221; \u00fccreti de komisyon karar\u0131yla 8 bin TL\u2019den 13 bin TL\u2019ye y\u00fckseltilmesi konusu oy birli\u011fiyle kabul edilirken, \u00fccretin Eyl\u00fcl ay\u0131nda itibaren al\u0131nmaya ba\u015flanaca\u011f\u0131 bildirildi.<br \/><\/p>\n","protected":false},"excerpt":{"rendered":"<p>Didim Belediye Meclisi\u2019nin Temmuz ay\u0131 ola\u011fan meclis toplant\u0131s\u0131 ger\u00e7ekle\u015ftirildi. Didim Belediye Meclisinin Temmuz ay\u0131 meclis toplant\u0131s\u0131 yap\u0131ld\u0131. Belediye Ba\u015fkan\u0131 Hatice Gen\u00e7ay ba\u015fkanl\u0131\u011f\u0131ndaki toplant\u0131, Sayg\u0131 duru\u015funda bulunulmas\u0131 ve \u0130stiklal Mar\u015f\u0131\u2019n\u0131n okunmas\u0131n\u0131n ard\u0131ndan ilk oturumun yap\u0131lmas\u0131 \u00fczerine g\u00fcndeme ge\u00e7ildi. \u0130lk oturumda 7 madde komisyonlara havale edilirken Temizlik \u0130\u015fleri M\u00fcd\u00fcrl\u00fc\u011f\u00fcn\u00fcn hizmet arac\u0131 al\u0131m\u0131 noktas\u0131ndaki talebi ile Fen \u0130\u015fleri&#8230;<\/p>\n","protected":false},"author":1,"featured_media":39643,"comment_status":"open","ping_status":"open","sticky":false,"template":"","format":"standard","meta":{"_crdt_document":"","footnotes":""},"categories":[1],"tags":[],"class_list":["post-39642","post","type-post","status-publish","format-standard","has-post-thumbnail","hentry","category-guncel"],"_links":{"self":[{"href":"https:\/\/www.egemtv.com\/index.php?rest_route=\/wp\/v2\/posts\/39642","targetHints":{"allow":["GET"]}}],"collection":[{"href":"https:\/\/www.egemtv.com\/index.php?rest_route=\/wp\/v2\/posts"}],"about":[{"href":"https:\/\/www.egemtv.com\/index.php?rest_route=\/wp\/v2\/types\/post"}],"author":[{"embeddable":true,"href":"https:\/\/www.egemtv.com\/index.php?rest_route=\/wp\/v2\/users\/1"}],"replies":[{"embeddable":true,"href":"https:\/\/www.egemtv.com\/index.php?rest_route=%2Fwp%2Fv2%2Fcomments&post=39642"}],"version-history":[{"count":1,"href":"https:\/\/www.egemtv.com\/index.php?rest_route=\/wp\/v2\/posts\/39642\/revisions"}],"predecessor-version":[{"id":39644,"href":"https:\/\/www.egemtv.com\/index.php?rest_route=\/wp\/v2\/posts\/39642\/revisions\/39644"}],"wp:featuredmedia":[{"embeddable":true,"href":"https:\/\/www.egemtv.com\/index.php?rest_route=\/wp\/v2\/media\/39643"}],"wp:attachment":[{"href":"https:\/\/www.egemtv.com\/index.php?rest_route=%2Fwp%2Fv2%2Fmedia&parent=39642"}],"wp:term":[{"taxonomy":"category","embeddable":true,"href":"https:\/\/www.egemtv.com\/index.php?rest_route=%2Fwp%2Fv2%2Fcategories&post=39642"},{"taxonomy":"post_tag","embeddable":true,"href":"https:\/\/www.egemtv.com\/index.php?rest_route=%2Fwp%2Fv2%2Ftags&post=39642"}],"curies":[{"name":"wp","href":"https:\/\/api.w.org\/{rel}","templated":true}]}}