{"id":39639,"date":"2025-07-03T14:37:05","date_gmt":"2025-07-03T11:37:05","guid":{"rendered":"https:\/\/www.egemtv.com\/?p=39639"},"modified":"2025-07-03T14:37:11","modified_gmt":"2025-07-03T11:37:11","slug":"odemiste-alevler-icinde-kalan-evler-kule-dondu","status":"publish","type":"post","link":"https:\/\/www.egemtv.com\/?p=39639","title":{"rendered":"\u00d6demi\u015f\u2019te alevler i\u00e7inde kalan evler k\u00fcle d\u00f6nd\u00fc"},"content":{"rendered":"<p>\u0130zmir\u2019in \u00d6demi\u015f il\u00e7esinde d\u00fcn ak\u015fam ba\u015flayan orman yang\u0131n\u0131na m\u00fcdahale devam ederken, alevlerin sard\u0131\u011f\u0131 bir k\u00f6yde baz\u0131 evler yand\u0131. Bo\u015falt\u0131lan Su\u00e7\u0131kt\u0131 Mahallesi\u2019nde yanan evlerden birinde yatalak ya\u015fl\u0131 adam \u00f6l\u00fc bulundu.<br \/>\n<br \/>\u00d6demi\u015f\u2019in Tosunlar Mahallesi\u2019nde d\u00fcn ak\u015fam saat 21.05\u2019te \u00e7\u0131kan yang\u0131n, r\u00fczgar\u0131n etkisiyle geni\u015f bir b\u00f6lgeyi etkisi alt\u0131na ald\u0131. Gece boyunca ekipler yang\u0131n\u0131 kontrol alt\u0131na alabilmek i\u00e7in karadan m\u00fcdahalede bulundu. Alevlerin ula\u015ft\u0131\u011f\u0131 Tosunlar, Su\u00e7\u0131kt\u0131 ve K\u00f6seler mahalleleri tahliye edildi. G\u00fcn\u00fcn ayd\u0131nlanmas\u0131 ile birlikte b\u00f6lgede 2 u\u00e7ak, 9 helikopter, 35 araz\u00f6z, 9 su ikmal ve 4 dozer ile yang\u0131na m\u00fcdahale s\u00fcr\u00fcyor.<br \/>\n<br \/>\u00d6nceden bo\u015falt\u0131lan Su\u00e7\u0131kt\u0131 Mahallesi\u2019nde yanan evlerden birinde bu sabah bulunan cesedin ise 81 ya\u015f\u0131ndaki yatalak hasta \u0130brahim Erkan\u2019a ait oldu\u011fu \u00f6\u011frenildi. Talihsiz adam\u0131n e\u015fiyle birlikte ya\u015fad\u0131\u011f\u0131, yang\u0131n s\u0131ras\u0131nda e\u015finin yard\u0131m bulmak i\u00e7in evden ayr\u0131lmak zorunda kald\u0131\u011f\u0131 ifade edildi.<\/p>\n<p>Evler k\u00fcle d\u00f6nd\u00fc<br \/>\n<br \/>Tahliye edilen mahallelerde baz\u0131 evler, ekiplerin t\u00fcm m\u00fcdahalesine ra\u011fmen r\u00fczgar\u0131n \u015fiddetiyle alevlere teslim oldu. \u00d6zellikle a\u011fa\u00e7l\u0131k b\u00f6lgelere yak\u0131n olan baz\u0131 evler tamamen yand\u0131. Evlerden y\u00fckselen alevler ve dumanlar, uzaktan \u00e7aresizde izleyen vatanda\u015flar\u0131n y\u00fcreklerini s\u0131zlatt\u0131.<br \/><\/p>\n","protected":false},"excerpt":{"rendered":"<p>\u0130zmir\u2019in \u00d6demi\u015f il\u00e7esinde d\u00fcn ak\u015fam ba\u015flayan orman yang\u0131n\u0131na m\u00fcdahale devam ederken, alevlerin sard\u0131\u011f\u0131 bir k\u00f6yde baz\u0131 evler yand\u0131. Bo\u015falt\u0131lan Su\u00e7\u0131kt\u0131 Mahallesi\u2019nde yanan evlerden birinde yatalak ya\u015fl\u0131 adam \u00f6l\u00fc bulundu. \u00d6demi\u015f\u2019in Tosunlar Mahallesi\u2019nde d\u00fcn ak\u015fam saat 21.05\u2019te \u00e7\u0131kan yang\u0131n, r\u00fczgar\u0131n etkisiyle geni\u015f bir b\u00f6lgeyi etkisi alt\u0131na ald\u0131. Gece boyunca ekipler yang\u0131n\u0131 kontrol alt\u0131na alabilmek i\u00e7in karadan&#8230;<\/p>\n","protected":false},"author":1,"featured_media":39640,"comment_status":"open","ping_status":"open","sticky":false,"template":"","format":"standard","meta":{"_crdt_document":"","footnotes":""},"categories":[5],"tags":[],"class_list":["post-39639","post","type-post","status-publish","format-standard","has-post-thumbnail","hentry","category-asayis"],"_links":{"self":[{"href":"https:\/\/www.egemtv.com\/index.php?rest_route=\/wp\/v2\/posts\/39639","targetHints":{"allow":["GET"]}}],"collection":[{"href":"https:\/\/www.egemtv.com\/index.php?rest_route=\/wp\/v2\/posts"}],"about":[{"href":"https:\/\/www.egemtv.com\/index.php?rest_route=\/wp\/v2\/types\/post"}],"author":[{"embeddable":true,"href":"https:\/\/www.egemtv.com\/index.php?rest_route=\/wp\/v2\/users\/1"}],"replies":[{"embeddable":true,"href":"https:\/\/www.egemtv.com\/index.php?rest_route=%2Fwp%2Fv2%2Fcomments&post=39639"}],"version-history":[{"count":1,"href":"https:\/\/www.egemtv.com\/index.php?rest_route=\/wp\/v2\/posts\/39639\/revisions"}],"predecessor-version":[{"id":39641,"href":"https:\/\/www.egemtv.com\/index.php?rest_route=\/wp\/v2\/posts\/39639\/revisions\/39641"}],"wp:featuredmedia":[{"embeddable":true,"href":"https:\/\/www.egemtv.com\/index.php?rest_route=\/wp\/v2\/media\/39640"}],"wp:attachment":[{"href":"https:\/\/www.egemtv.com\/index.php?rest_route=%2Fwp%2Fv2%2Fmedia&parent=39639"}],"wp:term":[{"taxonomy":"category","embeddable":true,"href":"https:\/\/www.egemtv.com\/index.php?rest_route=%2Fwp%2Fv2%2Fcategories&post=39639"},{"taxonomy":"post_tag","embeddable":true,"href":"https:\/\/www.egemtv.com\/index.php?rest_route=%2Fwp%2Fv2%2Ftags&post=39639"}],"curies":[{"name":"wp","href":"https:\/\/api.w.org\/{rel}","templated":true}]}}