{"id":39636,"date":"2025-07-03T14:16:03","date_gmt":"2025-07-03T11:16:03","guid":{"rendered":"https:\/\/www.egemtv.com\/?p=39636"},"modified":"2025-07-03T14:16:08","modified_gmt":"2025-07-03T11:16:08","slug":"yanginlar-bu-defa-selcuka-sicradi-alevlere-karadan-mudahale-yapiliyor","status":"publish","type":"post","link":"https:\/\/www.egemtv.com\/?p=39636","title":{"rendered":"Yang\u0131nlar bu defa Sel\u00e7uk\u2019a s\u0131\u00e7rad\u0131, alevlere karadan m\u00fcdahale yap\u0131l\u0131yor"},"content":{"rendered":"<p>\u0130zmir\u2019in \u00c7e\u015fme ve \u00d6demi\u015f il\u00e7elerinde yang\u0131nlar devam ederken, ate\u015f bu defa bir ba\u015fka turizm kenti Sel\u00e7uk\u2019a s\u0131\u00e7rad\u0131.<br \/>\n<br \/>Sel\u00e7uk\u2019\u0131n K\u0131nal\u0131 K\u00f6pr\u00fc Mevkii Zeytinliklerin yo\u011fun oldu\u011fu b\u00f6lgede saat 13.30 s\u0131ralar\u0131nda yang\u0131n \u00e7\u0131kt\u0131. R\u00fczgar\u0131n da etkisiyle alevler \u00e7evreye yay\u0131l\u0131rken, b\u00f6lgeden dumanlar\u0131n y\u00fckselmesi \u00fczerine karadan m\u00fcdahale ba\u015flad\u0131. Orman B\u00f6lge M\u00fcd\u00fcrl\u00fc\u011f\u00fc ve itfaiye ekipleri, b\u00fcy\u00fcmeden yang\u0131n\u0131 kontrol alt\u0131na alabilmek i\u00e7in yo\u011fun \u00e7aba sergiliyor.<br \/><\/p>\n","protected":false},"excerpt":{"rendered":"<p>\u0130zmir\u2019in \u00c7e\u015fme ve \u00d6demi\u015f il\u00e7elerinde yang\u0131nlar devam ederken, ate\u015f bu defa bir ba\u015fka turizm kenti Sel\u00e7uk\u2019a s\u0131\u00e7rad\u0131. Sel\u00e7uk\u2019\u0131n K\u0131nal\u0131 K\u00f6pr\u00fc Mevkii Zeytinliklerin yo\u011fun oldu\u011fu b\u00f6lgede saat 13.30 s\u0131ralar\u0131nda yang\u0131n \u00e7\u0131kt\u0131. R\u00fczgar\u0131n da etkisiyle alevler \u00e7evreye yay\u0131l\u0131rken, b\u00f6lgeden dumanlar\u0131n y\u00fckselmesi \u00fczerine karadan m\u00fcdahale ba\u015flad\u0131. Orman B\u00f6lge M\u00fcd\u00fcrl\u00fc\u011f\u00fc ve itfaiye ekipleri, b\u00fcy\u00fcmeden yang\u0131n\u0131 kontrol alt\u0131na alabilmek i\u00e7in&#8230;<\/p>\n","protected":false},"author":1,"featured_media":39637,"comment_status":"open","ping_status":"open","sticky":false,"template":"","format":"standard","meta":{"_crdt_document":"","footnotes":""},"categories":[5],"tags":[],"class_list":["post-39636","post","type-post","status-publish","format-standard","has-post-thumbnail","hentry","category-asayis"],"_links":{"self":[{"href":"https:\/\/www.egemtv.com\/index.php?rest_route=\/wp\/v2\/posts\/39636","targetHints":{"allow":["GET"]}}],"collection":[{"href":"https:\/\/www.egemtv.com\/index.php?rest_route=\/wp\/v2\/posts"}],"about":[{"href":"https:\/\/www.egemtv.com\/index.php?rest_route=\/wp\/v2\/types\/post"}],"author":[{"embeddable":true,"href":"https:\/\/www.egemtv.com\/index.php?rest_route=\/wp\/v2\/users\/1"}],"replies":[{"embeddable":true,"href":"https:\/\/www.egemtv.com\/index.php?rest_route=%2Fwp%2Fv2%2Fcomments&post=39636"}],"version-history":[{"count":1,"href":"https:\/\/www.egemtv.com\/index.php?rest_route=\/wp\/v2\/posts\/39636\/revisions"}],"predecessor-version":[{"id":39638,"href":"https:\/\/www.egemtv.com\/index.php?rest_route=\/wp\/v2\/posts\/39636\/revisions\/39638"}],"wp:featuredmedia":[{"embeddable":true,"href":"https:\/\/www.egemtv.com\/index.php?rest_route=\/wp\/v2\/media\/39637"}],"wp:attachment":[{"href":"https:\/\/www.egemtv.com\/index.php?rest_route=%2Fwp%2Fv2%2Fmedia&parent=39636"}],"wp:term":[{"taxonomy":"category","embeddable":true,"href":"https:\/\/www.egemtv.com\/index.php?rest_route=%2Fwp%2Fv2%2Fcategories&post=39636"},{"taxonomy":"post_tag","embeddable":true,"href":"https:\/\/www.egemtv.com\/index.php?rest_route=%2Fwp%2Fv2%2Ftags&post=39636"}],"curies":[{"name":"wp","href":"https:\/\/api.w.org\/{rel}","templated":true}]}}