{"id":39633,"date":"2025-07-03T14:15:58","date_gmt":"2025-07-03T11:15:58","guid":{"rendered":"https:\/\/www.egemtv.com\/?p=39633"},"modified":"2025-07-03T14:16:03","modified_gmt":"2025-07-03T11:16:03","slug":"pauden-filistin-meselesine-onemli-bilimsel-katki","status":"publish","type":"post","link":"https:\/\/www.egemtv.com\/?p=39633","title":{"rendered":"PA\u00dc\u2019den Filistin meselesine \u00f6nemli bilimsel katk\u0131"},"content":{"rendered":"<p>Pamukkale \u00dcniversitesi (PA\u00dc) Rekt\u00f6r\u00fc Prof. Dr. Mahmud G\u00fcng\u00f6r, \u0130nsan ve Toplum Bilimleri Fak\u00fcltesi (\u0130TBF) Dekan\u0131 Prof. Dr. Yasemin Beyaz\u0131t ile &#8220;Osmanl\u0131 Kud\u00fcs\u2019\u00fcn\u00fc Haritaland\u0131rmak&#8221; ba\u015fl\u0131kl\u0131 uluslararas\u0131 destekli proje ekibini makam\u0131nda kabul etti.<\/p>\n<p>\u0130slam \u0130\u015fbirli\u011fi Te\u015fkilat\u0131\u2019na ba\u011fl\u0131 uluslararas\u0131 bir ara\u015ft\u0131rma kurumu olan \u0130slam, Tarih, Sanat ve K\u00fclt\u00fcr Ara\u015ft\u0131rma Merkezi (IRCICA) taraf\u0131ndan desteklenen proje, Prof. Dr. Cengiz Tomar\u2019\u0131n (IRCICA) dan\u0131\u015fmanl\u0131\u011f\u0131nda ve Pamukkale \u00dcniversitesi \u00f6\u011fretim \u00fcyesi Prof. Dr. Yasemin Avc\u0131\u2019n\u0131n y\u00fcr\u00fct\u00fcc\u00fcl\u00fc\u011f\u00fcnde ger\u00e7ekle\u015ftiriliyor. 2025 y\u0131l\u0131n\u0131n May\u0131s ay\u0131nda ba\u015flayan proje \u00e7al\u0131\u015fmalar\u0131n\u0131n iki y\u0131l i\u00e7inde tamamlanmas\u0131 \u00f6ng\u00f6r\u00fcl\u00fcyor.<\/p>\n<p>\u0130nsan ve Toplum Bilimleri Fak\u00fcltesi Dekan\u0131 Prof. Dr. Yasemin Beyaz\u0131t\u2019\u0131n da destekledi\u011fi proje ekibinde; Pamukkale \u00dcniversitesi \u00f6\u011fretim \u00fcyelerinden Do\u00e7. Dr. Kamuran \u015eim\u015fek, Dr. \u00d6\u011fr. \u00dcyesi Rauf Belge ve Kastamonu \u00dcniversitesi \u00f6\u011fretim \u00fcyelerinden Do\u00e7. Dr. Alaattin Dolu da ara\u015ft\u0131rmac\u0131 olarak yer al\u0131yor. Proje kapsam\u0131nda ayr\u0131ca PA\u00dc doktora \u00f6\u011frencilerinden Mihriban U\u00e7ar ile Yunus Emre Akyol bursiyer olarak g\u00f6rev yap\u0131yor.<\/p>\n<p>Projenin y\u00fcr\u00fct\u00fcc\u00fcl\u00fc\u011f\u00fcn\u00fc \u00fcstlenen Prof. Dr. Yasemin Avc\u0131 doktora e\u011fitiminden itibaren Osmanl\u0131 Kud\u00fcs\u2019\u00fc hakk\u0131nda, aralar\u0131nda European Research Council (Open Jerusalem, https:\/\/www.openjerusalem.org\/)  taraf\u0131ndan da desteklenmi\u015f olan pek \u00e7ok uluslararas\u0131 ara\u015ft\u0131rma projesinde yer al\u0131yor. Prof. Dr. Yasemin Avc\u0131\u2019n\u0131n bu projelerde g\u00f6rev alan \u00f6\u011frencileri Mihriban U\u00e7ar ve Yunus Emre Akyol, doktora tezlerini de Osmanl\u0131 Kud\u00fcs\u2019\u00fc \u00fczerine haz\u0131rl\u0131yorlar. Mihriban U\u00e7ar ve Yunus Emre Akyol\u2019un da bursiyer olarak yer ald\u0131\u011f\u0131 Bilimsel ve Teknolojik Ara\u015ft\u0131rma Projelerini Destekleme Program\u0131 \u00e7er\u00e7evesinde desteklenen &#8220;Kud\u00fcs\u2019te \u0130mparatorluk Normlar\u0131: Kamusal Mek\u00e2n ve Toplumsal Kimlik&#8221; ba\u015fl\u0131kl\u0131 proje Prof. Dr. Yasemin Avc\u0131\u2019n\u0131n y\u00fcr\u00fct\u00fcc\u00fcl\u00fc\u011f\u00fcnde k\u0131sa bir s\u00fcre \u00f6nce tamamland\u0131.<\/p>\n<p>Kud\u00fcs Tapular\u0131 \u0130lk Kez Akademik Nitelikli Bir \u00c7al\u0131\u015fmaya D\u00f6n\u00fc\u015fecek<br \/>\n<br \/>2017\u2019den bu yana ulusal bas\u0131nda da s\u0131k s\u0131k yer alan Kud\u00fcs tapular\u0131 ilk kez akademik nitelikli bir \u00e7al\u0131\u015fmaya d\u00f6n\u00fc\u015fece\u011fi bildirilen ve IRCICA taraf\u0131ndan desteklenen yeni proje ile ilk a\u015famada; 19. y\u00fczy\u0131l sonlar\u0131nda Osmanl\u0131 el yazmas\u0131 olarak haz\u0131rlanan 12 bin adet tapu kayd\u0131 dijital ortama aktar\u0131lacak, ikinci a\u015famada ise Kud\u00fcs\u2019te m\u00fclkiyet hakk\u0131na sahip olanlar\u0131n adlar\u0131 ve m\u00fclklerinin konumlar\u0131 \u00fcretilen yeni haritalarla g\u00f6rselle\u015ftirilecek.<\/p>\n<p>\u0130srail\u2019in Kud\u00fcs M\u00fcsl\u00fcmanlar\u0131n\u0131n M\u00fclkiyet Haklar\u0131 Proje\u2019den Elde Edilecek Sonu\u00e7larla Belirlenmesi \u00d6ng\u00f6r\u00fcl\u00fcyor<br \/>\n<br \/>Osmanl\u0131 Kud\u00fcs\u2019\u00fc ilk kez g\u00f6rselle\u015ftirilecek, M\u00fcsl\u00fcmanlara ait ibadetg\u00e2hlar, vak\u0131f binalar\u0131, ticari yap\u0131lar, pazar yerleri ve elbette meskenler ilk kez dijital tarih programlar\u0131 kullan\u0131larak b\u00fcy\u00fck \u00f6l\u00e7ekli haritalarda i\u015faretlenecek. M\u00fclkiyet problemlerinde Osmanl\u0131 tapular\u0131n\u0131n hukuki belge olarak g\u00fcn\u00fcm\u00fczde de ge\u00e7erlili\u011fini korudu\u011fu bilinen ve \u0130srail\u2019in Kud\u00fcs M\u00fcsl\u00fcmanlar\u0131n\u0131n m\u00fclkiyet haklar\u0131n\u0131 t\u00fcrl\u00fc bahanelerle g\u00f6rmezden gelmesine kar\u015f\u0131l\u0131k projeden elde edilecek sonu\u00e7lar\u0131n etkili bir cevaba d\u00f6n\u00fc\u015fmesi bekleniyor. S\u00f6z konusu \u00e7al\u0131\u015fma Kud\u00fcs\u2019te uzun y\u0131llard\u0131r devam eden haks\u0131zl\u0131klar\u0131n \u00f6n\u00fcne ge\u00e7ilmesinde \u00f6nemli bir ad\u0131m olarak g\u00f6r\u00fcl\u00fcrken, Proje sonu\u00e7land\u0131\u011f\u0131nda ise Kud\u00fcs M\u00fcsl\u00fcmanlar\u0131n\u0131n \u015fehrin kadim halk\u0131 oldu\u011fu kuvvetle vurgulanm\u0131\u015f olaca\u011f\u0131 tahmin ediliyor.<\/p>\n<p>Rekt\u00f6r G\u00fcng\u00f6r: &#8220;Osmanl\u0131 Kud\u00fcs\u2019\u00fcn\u00fc belgeleyecek ve haritaland\u0131racak bu \u00f6zg\u00fcn \u00e7al\u0131\u015fman\u0131n hem akademik alana hem de uluslararas\u0131 kamuoyuna \u00f6nemli katk\u0131lar sa\u011flayaca\u011f\u0131na inanc\u0131m tamd\u0131r.&#8221;<br \/>\n<br \/>Rekt\u00f6r Prof. Dr. Mahmud G\u00fcng\u00f6r makam\u0131nda kabul etti\u011fi proje ekibini Filistin meselesine bilimsel katk\u0131 sunacak bu anlaml\u0131 projelerinden dolay\u0131 ekibi tebrik ederek, ba\u015far\u0131lar\u0131n\u0131n devam\u0131n\u0131 diledi. Osmanl\u0131 Kud\u00fcs\u2019\u00fcn\u00fc belgeleyecek ve haritaland\u0131racak bu \u00f6zg\u00fcn \u00e7al\u0131\u015fman\u0131n hem akademik alana hem de uluslararas\u0131 kamuoyuna \u00f6nemli katk\u0131lar sa\u011flayaca\u011f\u0131na dair inanc\u0131n\u0131 ifade etti.<br \/><\/p>\n","protected":false},"excerpt":{"rendered":"<p>Pamukkale \u00dcniversitesi (PA\u00dc) Rekt\u00f6r\u00fc Prof. Dr. Mahmud G\u00fcng\u00f6r, \u0130nsan ve Toplum Bilimleri Fak\u00fcltesi (\u0130TBF) Dekan\u0131 Prof. Dr. Yasemin Beyaz\u0131t ile &#8220;Osmanl\u0131 Kud\u00fcs\u2019\u00fcn\u00fc Haritaland\u0131rmak&#8221; ba\u015fl\u0131kl\u0131 uluslararas\u0131 destekli proje ekibini makam\u0131nda kabul etti. \u0130slam \u0130\u015fbirli\u011fi Te\u015fkilat\u0131\u2019na ba\u011fl\u0131 uluslararas\u0131 bir ara\u015ft\u0131rma kurumu olan \u0130slam, Tarih, Sanat ve K\u00fclt\u00fcr Ara\u015ft\u0131rma Merkezi (IRCICA) taraf\u0131ndan desteklenen proje, Prof. Dr. Cengiz Tomar\u2019\u0131n&#8230;<\/p>\n","protected":false},"author":1,"featured_media":39634,"comment_status":"open","ping_status":"open","sticky":false,"template":"","format":"standard","meta":{"_crdt_document":"","footnotes":""},"categories":[123],"tags":[],"class_list":["post-39633","post","type-post","status-publish","format-standard","has-post-thumbnail","hentry","category-gundem"],"_links":{"self":[{"href":"https:\/\/www.egemtv.com\/index.php?rest_route=\/wp\/v2\/posts\/39633","targetHints":{"allow":["GET"]}}],"collection":[{"href":"https:\/\/www.egemtv.com\/index.php?rest_route=\/wp\/v2\/posts"}],"about":[{"href":"https:\/\/www.egemtv.com\/index.php?rest_route=\/wp\/v2\/types\/post"}],"author":[{"embeddable":true,"href":"https:\/\/www.egemtv.com\/index.php?rest_route=\/wp\/v2\/users\/1"}],"replies":[{"embeddable":true,"href":"https:\/\/www.egemtv.com\/index.php?rest_route=%2Fwp%2Fv2%2Fcomments&post=39633"}],"version-history":[{"count":1,"href":"https:\/\/www.egemtv.com\/index.php?rest_route=\/wp\/v2\/posts\/39633\/revisions"}],"predecessor-version":[{"id":39635,"href":"https:\/\/www.egemtv.com\/index.php?rest_route=\/wp\/v2\/posts\/39633\/revisions\/39635"}],"wp:featuredmedia":[{"embeddable":true,"href":"https:\/\/www.egemtv.com\/index.php?rest_route=\/wp\/v2\/media\/39634"}],"wp:attachment":[{"href":"https:\/\/www.egemtv.com\/index.php?rest_route=%2Fwp%2Fv2%2Fmedia&parent=39633"}],"wp:term":[{"taxonomy":"category","embeddable":true,"href":"https:\/\/www.egemtv.com\/index.php?rest_route=%2Fwp%2Fv2%2Fcategories&post=39633"},{"taxonomy":"post_tag","embeddable":true,"href":"https:\/\/www.egemtv.com\/index.php?rest_route=%2Fwp%2Fv2%2Ftags&post=39633"}],"curies":[{"name":"wp","href":"https:\/\/api.w.org\/{rel}","templated":true}]}}