{"id":39630,"date":"2025-07-03T14:15:54","date_gmt":"2025-07-03T11:15:54","guid":{"rendered":"https:\/\/www.egemtv.com\/?p=39630"},"modified":"2025-07-03T14:15:58","modified_gmt":"2025-07-03T11:15:58","slug":"vatandaslar-yarali-kadin-surucuyu-gunesten-havluyla-korudu","status":"publish","type":"post","link":"https:\/\/www.egemtv.com\/?p=39630","title":{"rendered":"Vatanda\u015flar yaral\u0131 kad\u0131n s\u00fcr\u00fcc\u00fcy\u00fc g\u00fcne\u015ften havluyla korudu"},"content":{"rendered":"<p>Mu\u011fla\u2019n\u0131n Mente\u015fe il\u00e7esinde meydana gelen trafik kazas\u0131nda yaralanan kad\u0131n motosiklet s\u00fcr\u00fcc\u00fcs\u00fc, \u00e7evredeki vatanda\u015flar taraf\u0131ndan s\u0131caktan korunmas\u0131 i\u00e7in havlu ile g\u00f6lgelendi.<br \/>\n<br \/>Kaza, Mente\u015fe \u0130smet \u00c7atak Caddesi \u00fczerinde meydana geldi. 48 ANK 627 plakal\u0131 motosikleti kullanan kad\u0131n s\u00fcr\u00fcc\u00fc, otomobilin \u00e7arpmas\u0131 sonras\u0131 yere savruldu. Yaralanan s\u00fcr\u00fcc\u00fcn\u00fcn yard\u0131m\u0131na ilk olarak \u00e7evredeki vatanda\u015flar ko\u015ftu.<br \/>\n<br \/>S\u0131cak hava nedeniyle yerde yatan kad\u0131n\u0131n g\u00fcne\u015ften etkilenmemesi i\u00e7in vatanda\u015flar, \u00fczerine havlu \u00f6rterek g\u00f6lgelik olu\u015fturdu. Olay yerine sa\u011fl\u0131k ve polis ekipleri sevk edildi. \u0130lk m\u00fcdahalesi olay yerinde yap\u0131lan kad\u0131n s\u00fcr\u00fcc\u00fc, ambulansla hastaneye kald\u0131r\u0131ld\u0131.<br \/><\/p>\n","protected":false},"excerpt":{"rendered":"<p>Mu\u011fla\u2019n\u0131n Mente\u015fe il\u00e7esinde meydana gelen trafik kazas\u0131nda yaralanan kad\u0131n motosiklet s\u00fcr\u00fcc\u00fcs\u00fc, \u00e7evredeki vatanda\u015flar taraf\u0131ndan s\u0131caktan korunmas\u0131 i\u00e7in havlu ile g\u00f6lgelendi. Kaza, Mente\u015fe \u0130smet \u00c7atak Caddesi \u00fczerinde meydana geldi. 48 ANK 627 plakal\u0131 motosikleti kullanan kad\u0131n s\u00fcr\u00fcc\u00fc, otomobilin \u00e7arpmas\u0131 sonras\u0131 yere savruldu. Yaralanan s\u00fcr\u00fcc\u00fcn\u00fcn yard\u0131m\u0131na ilk olarak \u00e7evredeki vatanda\u015flar ko\u015ftu. S\u0131cak hava nedeniyle yerde yatan kad\u0131n\u0131n&#8230;<\/p>\n","protected":false},"author":1,"featured_media":39631,"comment_status":"open","ping_status":"open","sticky":false,"template":"","format":"standard","meta":{"_crdt_document":"","footnotes":""},"categories":[5],"tags":[],"class_list":["post-39630","post","type-post","status-publish","format-standard","has-post-thumbnail","hentry","category-asayis"],"_links":{"self":[{"href":"https:\/\/www.egemtv.com\/index.php?rest_route=\/wp\/v2\/posts\/39630","targetHints":{"allow":["GET"]}}],"collection":[{"href":"https:\/\/www.egemtv.com\/index.php?rest_route=\/wp\/v2\/posts"}],"about":[{"href":"https:\/\/www.egemtv.com\/index.php?rest_route=\/wp\/v2\/types\/post"}],"author":[{"embeddable":true,"href":"https:\/\/www.egemtv.com\/index.php?rest_route=\/wp\/v2\/users\/1"}],"replies":[{"embeddable":true,"href":"https:\/\/www.egemtv.com\/index.php?rest_route=%2Fwp%2Fv2%2Fcomments&post=39630"}],"version-history":[{"count":1,"href":"https:\/\/www.egemtv.com\/index.php?rest_route=\/wp\/v2\/posts\/39630\/revisions"}],"predecessor-version":[{"id":39632,"href":"https:\/\/www.egemtv.com\/index.php?rest_route=\/wp\/v2\/posts\/39630\/revisions\/39632"}],"wp:featuredmedia":[{"embeddable":true,"href":"https:\/\/www.egemtv.com\/index.php?rest_route=\/wp\/v2\/media\/39631"}],"wp:attachment":[{"href":"https:\/\/www.egemtv.com\/index.php?rest_route=%2Fwp%2Fv2%2Fmedia&parent=39630"}],"wp:term":[{"taxonomy":"category","embeddable":true,"href":"https:\/\/www.egemtv.com\/index.php?rest_route=%2Fwp%2Fv2%2Fcategories&post=39630"},{"taxonomy":"post_tag","embeddable":true,"href":"https:\/\/www.egemtv.com\/index.php?rest_route=%2Fwp%2Fv2%2Ftags&post=39630"}],"curies":[{"name":"wp","href":"https:\/\/api.w.org\/{rel}","templated":true}]}}