{"id":39627,"date":"2025-07-03T14:15:52","date_gmt":"2025-07-03T11:15:52","guid":{"rendered":"https:\/\/www.egemtv.com\/?p=39627"},"modified":"2025-07-03T14:15:54","modified_gmt":"2025-07-03T11:15:54","slug":"kistan-kalma-serinlik-modern-bir-dokunusla-yasatiliyor","status":"publish","type":"post","link":"https:\/\/www.egemtv.com\/?p=39627","title":{"rendered":"K\u0131\u015ftan kalma serinlik modern bir dokunu\u015fla ya\u015fat\u0131l\u0131yor"},"content":{"rendered":"<p>DEN\u0130ZL\u0130 (\u0130HA) \u2013 K\u0131\u015f\u0131n ya\u011f\u0131\u015f\u0131n ard\u0131ndan so\u011fuk hava deposunda saklanan do\u011fal kar, geleneksel k\u00fclt\u00fcr\u00fcn modern bir dokunu\u015fla ya\u015fat\u0131lmas\u0131yla yaz\u0131n serinli\u011fe d\u00f6n\u00fc\u015f\u00fcyor. Vi\u015fne, karadut ve pekmezle bulu\u015fan karla yap\u0131lan tatl\u0131 serinlik b\u00fcy\u00fck talep g\u00f6r\u00fcyor.<\/p>\n<p>Denizli\u2019deki da\u011flar\u0131n zirvesinden bin bir zahmetle toplanarak y\u0131\u011f\u0131n yap\u0131lan karlar, yaz aylar\u0131nda serinlemek isteyenler i\u00e7in tezgahlarda yerini ald\u0131. Yaz aylar\u0131n\u0131n kavurucu s\u0131caklar\u0131na kar\u015f\u0131 ilgin\u00e7 ve do\u011fal bir \u00e7\u00f6z\u00fcm sunan Yusuf Deymeci, Denizli\u2019nin Tavas il\u00e7esine ba\u011fl\u0131 Nikfer Kayak Merkezinden k\u0131\u015f\u0131n kar kuyular\u0131ndan toplad\u0131\u011f\u0131 kar\u0131, \u00f6zel so\u011fuk hava depolar\u0131nda muhafaza ederek yaz\u0131n halk\u0131n hizmetine sunuyor. &#8220;Karc\u0131 Yusuf&#8221; olarak tan\u0131nan Deymeci, bu zorlu ama bir o kadar da nostaljik gelene\u011fi ya\u015fatmaya devam ediyor.<\/p>\n<p>Haz\u0131rl\u0131klar\u0131na her y\u0131l \u015fubat ve mart aylar\u0131nda ba\u015flayan ekip, k\u0131\u015f boyunca kar\u0131 kamyonlarla evlerine ta\u015f\u0131yor. Bu kar, \u00f6zel olarak haz\u0131rlanan so\u011fuk hava depolar\u0131nda kat kat istiflenerek yaza kadar saklan\u0131yor. Yaz geldi\u011finde ise pazar yerlerinde kurduklar\u0131 tezg\u00e2hta kar \u00fczerine d\u00f6k\u00fclen ev yap\u0131m\u0131 vi\u015fne, karadut ve pekmez \u015furuplar\u0131yla m\u00fc\u015fterilerine serin bir nostalji sunuyorlar. Sadece pazarlarda de\u011fil, d\u00fc\u011f\u00fcn, mevlit ve s\u00fcnnet gibi \u00f6zel organizasyonlarda da hizmet veren Karc\u0131 Yusuf Deymeci, s\u0131cak havada bunalan misafirleri do\u011fal kar ve \u015furuplarla serinletiyor.<\/p>\n<p>&#8220;Her \u015fey do\u011fal, her \u015fey el eme\u011fi&#8221; diyen Deymeci, hem ge\u00e7mi\u015fin geleneklerini ya\u015fat\u0131yor hem de yeni nesle unutulmaz bir deneyim sunuyor. Deymeci, &#8220;So\u011fuk depomuzda kar bitti\u011finde, yeniden da\u011flardan getiriyoruz. Temiz, do\u011fal ve g\u00fcvenli. Do\u011fal karla yaz s\u0131ca\u011f\u0131nda bunalanlar\u0131 serinletiyoruz&#8221; diyerek, herkesi tatl\u0131 serinlikle tan\u0131\u015fmaya davet etti.<br \/><\/p>\n","protected":false},"excerpt":{"rendered":"<p>DEN\u0130ZL\u0130 (\u0130HA) \u2013 K\u0131\u015f\u0131n ya\u011f\u0131\u015f\u0131n ard\u0131ndan so\u011fuk hava deposunda saklanan do\u011fal kar, geleneksel k\u00fclt\u00fcr\u00fcn modern bir dokunu\u015fla ya\u015fat\u0131lmas\u0131yla yaz\u0131n serinli\u011fe d\u00f6n\u00fc\u015f\u00fcyor. Vi\u015fne, karadut ve pekmezle bulu\u015fan karla yap\u0131lan tatl\u0131 serinlik b\u00fcy\u00fck talep g\u00f6r\u00fcyor. Denizli\u2019deki da\u011flar\u0131n zirvesinden bin bir zahmetle toplanarak y\u0131\u011f\u0131n yap\u0131lan karlar, yaz aylar\u0131nda serinlemek isteyenler i\u00e7in tezgahlarda yerini ald\u0131. Yaz aylar\u0131n\u0131n kavurucu s\u0131caklar\u0131na&#8230;<\/p>\n","protected":false},"author":1,"featured_media":39628,"comment_status":"open","ping_status":"open","sticky":false,"template":"","format":"standard","meta":{"_crdt_document":"","footnotes":""},"categories":[1],"tags":[],"class_list":["post-39627","post","type-post","status-publish","format-standard","has-post-thumbnail","hentry","category-guncel"],"_links":{"self":[{"href":"https:\/\/www.egemtv.com\/index.php?rest_route=\/wp\/v2\/posts\/39627","targetHints":{"allow":["GET"]}}],"collection":[{"href":"https:\/\/www.egemtv.com\/index.php?rest_route=\/wp\/v2\/posts"}],"about":[{"href":"https:\/\/www.egemtv.com\/index.php?rest_route=\/wp\/v2\/types\/post"}],"author":[{"embeddable":true,"href":"https:\/\/www.egemtv.com\/index.php?rest_route=\/wp\/v2\/users\/1"}],"replies":[{"embeddable":true,"href":"https:\/\/www.egemtv.com\/index.php?rest_route=%2Fwp%2Fv2%2Fcomments&post=39627"}],"version-history":[{"count":1,"href":"https:\/\/www.egemtv.com\/index.php?rest_route=\/wp\/v2\/posts\/39627\/revisions"}],"predecessor-version":[{"id":39629,"href":"https:\/\/www.egemtv.com\/index.php?rest_route=\/wp\/v2\/posts\/39627\/revisions\/39629"}],"wp:featuredmedia":[{"embeddable":true,"href":"https:\/\/www.egemtv.com\/index.php?rest_route=\/wp\/v2\/media\/39628"}],"wp:attachment":[{"href":"https:\/\/www.egemtv.com\/index.php?rest_route=%2Fwp%2Fv2%2Fmedia&parent=39627"}],"wp:term":[{"taxonomy":"category","embeddable":true,"href":"https:\/\/www.egemtv.com\/index.php?rest_route=%2Fwp%2Fv2%2Fcategories&post=39627"},{"taxonomy":"post_tag","embeddable":true,"href":"https:\/\/www.egemtv.com\/index.php?rest_route=%2Fwp%2Fv2%2Ftags&post=39627"}],"curies":[{"name":"wp","href":"https:\/\/api.w.org\/{rel}","templated":true}]}}