{"id":39624,"date":"2025-07-03T14:15:48","date_gmt":"2025-07-03T11:15:48","guid":{"rendered":"https:\/\/www.egemtv.com\/?p=39624"},"modified":"2025-07-03T14:15:52","modified_gmt":"2025-07-03T11:15:52","slug":"adsybnin-hazirladigi-projeyle-turkiye-avrupada-oncu-ulkeler-arasina-girdi","status":"publish","type":"post","link":"https:\/\/www.egemtv.com\/?p=39624","title":{"rendered":"ADSYB\u2019nin haz\u0131rlad\u0131\u011f\u0131 projeyle T\u00fcrkiye, Avrupa\u2019da \u00f6nc\u00fc \u00fclkeler aras\u0131na girdi"},"content":{"rendered":"<p>Ayd\u0131n \u0130li Dam\u0131zl\u0131k S\u0131\u011f\u0131r Yeti\u015ftiricileri Birli\u011fi (ADSYB) taraf\u0131ndan y\u00fcr\u00fct\u00fclen S\u00fct \u00c7iftliklerinde \u0130klim Direncinin Art\u0131r\u0131lmas\u0131 Projesi (CliResDairy) ile T\u00fcrkiye, Avrupa Birli\u011fi\u2019nin Horizon Europe Program\u0131 kapsam\u0131nda desteklenen CLIMAAX projesinde \u00f6ne \u00e7\u0131kan \u00fclkeler aras\u0131nda yer ald\u0131. Haziran ay\u0131n\u0131n ikinci haftas\u0131nda Barselona\u2019da d\u00fczenlenen uluslararas\u0131 \u00e7al\u0131\u015ftayda T\u00fcrkiye, toplamda 7 proje ile Avrupa\u2019da en fazla proje onay\u0131 alan 2. \u00fclke olarak dikkat \u00e7ekti.<br \/>\n<br \/>Avrupa\u2019n\u0131n 23 \u00fclkesinden 69 b\u00f6lge, belediye ve sivil toplum kurulu\u015funun kat\u0131l\u0131m sa\u011flad\u0131\u011f\u0131 \u00e7al\u0131\u015ftaya, T\u00fcrkiye\u2019den ilk \u00e7a\u011fr\u0131da destek alan 4 kurum aras\u0131nda yer alan Ayd\u0131n \u0130li Dam\u0131zl\u0131k S\u0131\u011f\u0131r Yeti\u015ftiricileri Birli\u011fi de kat\u0131ld\u0131. Ba\u015fkan Mehmet Sedat G\u00fcng\u00f6r, yapt\u0131\u011f\u0131 a\u00e7\u0131klamada &#8220;ADSYB\u2019nin de yer ald\u0131\u011f\u0131 ilk \u00e7a\u011fr\u0131da elde edilen ba\u015far\u0131 ve temsil g\u00fcc\u00fc, CLIMAAX program\u0131n\u0131n T\u00fcrkiye\u2019deki g\u00f6r\u00fcn\u00fcrl\u00fc\u011f\u00fcn\u00fc \u00f6nemli \u00f6l\u00e7\u00fcde art\u0131rd\u0131. Bu g\u00f6r\u00fcn\u00fcrl\u00fck sayesinde 2. \u00e7a\u011fr\u0131da 3 yeni kurum daha destek almaya hak kazand\u0131. B\u00f6ylece T\u00fcrkiye, toplamda 7 projeyle temsil edilerek Avrupa\u2019da 2. s\u0131raya y\u00fckseldi.&#8221; dedi.<br \/>\n<br \/>Ba\u015fkan G\u00fcng\u00f6r, T\u00fcrkiye\u2019den gelen temsilcilerin \u00e7al\u0131\u015ftay s\u00fcresince desteklenen projelerin ilk \u00e7\u0131kt\u0131lar\u0131n\u0131 ve yerel d\u00fczeydeki uygulamalar\u0131 aktarma f\u0131rsat\u0131 buldu\u011funu belirtti. Su y\u00f6netimi, s\u0131cak hava dalgalar\u0131, sel riski, tar\u0131msal kurakl\u0131k gibi iklim temelli tehditlere kar\u015f\u0131 geli\u015ftirilen analiz ve adaptasyon yakla\u015f\u0131mlar\u0131n\u0131n payla\u015f\u0131ld\u0131\u011f\u0131n\u0131 vurgulad\u0131.<br \/>\n<br \/>ADSYB\u2019yi temsilen \u00e7al\u0131\u015ftaya kat\u0131lan ve CliResDairy projesinin koordinat\u00f6rl\u00fc\u011f\u00fcn\u00fc \u00fcstlenen Hediye Cerit, sunumunda T\u00fcrkiye\u2019nin yaln\u0131zca risk tespitinde de\u011fil, \u00e7\u00f6z\u00fcm \u00fcretme ve uygulama kapasitesinde de Avrupa\u2019daki \u00f6nc\u00fc \u00fclkelerden biri oldu\u011funu ortaya koydu.<br \/>\n<br \/>Ba\u015fkan G\u00fcng\u00f6r a\u00e7\u0131klamas\u0131nda; &#8220;Tar\u0131m, su, afet y\u00f6netimi ve \u015fehir planlama gibi tematik alanlarda geli\u015ftirilen projeler sayesinde T\u00fcrkiye\u2019nin yerel y\u00f6netimleri, Avrupa\u2019daki b\u00f6lgelerle deneyim ve model payla\u015f\u0131m\u0131 ger\u00e7ekle\u015ftirme imk\u00e2n\u0131 buldu. Bu, \u00fclkemizin iklim de\u011fi\u015fikli\u011fiyle m\u00fccadelede bilimsel temelli, \u00e7ok akt\u00f6rl\u00fc ve yerel uyuma dayal\u0131 bir yakla\u015f\u0131m\u0131 benimsedi\u011fini bir kez daha g\u00f6stermi\u015ftir. \u00c7al\u0131\u015ftaya, Birli\u011fimiz d\u0131\u015f\u0131nda \u015eanl\u0131urfa, Mersin, Antalya, \u0130zmir  B\u00fcy\u00fck\u015fehir Belediyesi, Hopa Belediyesi ve  Marmara Belediyeler Birli\u011fi de kat\u0131ld\u0131.&#8221; diyerek, t\u00fcm katk\u0131 sa\u011flayan kurumlara ve emek verenlere te\u015fekk\u00fcr etti.<br \/><\/p>\n","protected":false},"excerpt":{"rendered":"<p>Ayd\u0131n \u0130li Dam\u0131zl\u0131k S\u0131\u011f\u0131r Yeti\u015ftiricileri Birli\u011fi (ADSYB) taraf\u0131ndan y\u00fcr\u00fct\u00fclen S\u00fct \u00c7iftliklerinde \u0130klim Direncinin Art\u0131r\u0131lmas\u0131 Projesi (CliResDairy) ile T\u00fcrkiye, Avrupa Birli\u011fi\u2019nin Horizon Europe Program\u0131 kapsam\u0131nda desteklenen CLIMAAX projesinde \u00f6ne \u00e7\u0131kan \u00fclkeler aras\u0131nda yer ald\u0131. Haziran ay\u0131n\u0131n ikinci haftas\u0131nda Barselona\u2019da d\u00fczenlenen uluslararas\u0131 \u00e7al\u0131\u015ftayda T\u00fcrkiye, toplamda 7 proje ile Avrupa\u2019da en fazla proje onay\u0131 alan 2. \u00fclke olarak&#8230;<\/p>\n","protected":false},"author":1,"featured_media":39625,"comment_status":"open","ping_status":"open","sticky":false,"template":"","format":"standard","meta":{"_crdt_document":"","footnotes":""},"categories":[1],"tags":[],"class_list":["post-39624","post","type-post","status-publish","format-standard","has-post-thumbnail","hentry","category-guncel"],"_links":{"self":[{"href":"https:\/\/www.egemtv.com\/index.php?rest_route=\/wp\/v2\/posts\/39624","targetHints":{"allow":["GET"]}}],"collection":[{"href":"https:\/\/www.egemtv.com\/index.php?rest_route=\/wp\/v2\/posts"}],"about":[{"href":"https:\/\/www.egemtv.com\/index.php?rest_route=\/wp\/v2\/types\/post"}],"author":[{"embeddable":true,"href":"https:\/\/www.egemtv.com\/index.php?rest_route=\/wp\/v2\/users\/1"}],"replies":[{"embeddable":true,"href":"https:\/\/www.egemtv.com\/index.php?rest_route=%2Fwp%2Fv2%2Fcomments&post=39624"}],"version-history":[{"count":1,"href":"https:\/\/www.egemtv.com\/index.php?rest_route=\/wp\/v2\/posts\/39624\/revisions"}],"predecessor-version":[{"id":39626,"href":"https:\/\/www.egemtv.com\/index.php?rest_route=\/wp\/v2\/posts\/39624\/revisions\/39626"}],"wp:featuredmedia":[{"embeddable":true,"href":"https:\/\/www.egemtv.com\/index.php?rest_route=\/wp\/v2\/media\/39625"}],"wp:attachment":[{"href":"https:\/\/www.egemtv.com\/index.php?rest_route=%2Fwp%2Fv2%2Fmedia&parent=39624"}],"wp:term":[{"taxonomy":"category","embeddable":true,"href":"https:\/\/www.egemtv.com\/index.php?rest_route=%2Fwp%2Fv2%2Fcategories&post=39624"},{"taxonomy":"post_tag","embeddable":true,"href":"https:\/\/www.egemtv.com\/index.php?rest_route=%2Fwp%2Fv2%2Ftags&post=39624"}],"curies":[{"name":"wp","href":"https:\/\/api.w.org\/{rel}","templated":true}]}}