{"id":39621,"date":"2025-07-03T13:56:09","date_gmt":"2025-07-03T10:56:09","guid":{"rendered":"https:\/\/www.egemtv.com\/?p=39621"},"modified":"2025-07-03T13:56:13","modified_gmt":"2025-07-03T10:56:13","slug":"niluferler-arasinda-unutulmaz-nikah-toreni","status":"publish","type":"post","link":"https:\/\/www.egemtv.com\/?p=39621","title":{"rendered":"Nil\u00fcferler aras\u0131nda unutulmaz nikah t\u00f6reni"},"content":{"rendered":"<p>T\u00fcrkiye\u2019nin en b\u00fcy\u00fck nil\u00fcfer \u00e7i\u00e7e\u011fi tarlas\u0131na ev sahipli\u011fi yapan I\u015f\u0131kl\u0131 G\u00f6l\u00fc\u2019nde ilk kez bir nikah teknede k\u0131y\u0131ld\u0131. Gen\u00e7 \u00e7ift, nil\u00fcferler aras\u0131nda g\u00f6l \u00fcst\u00fcnde d\u00fcnyaevine girdi.<br \/>\n<br \/>T\u00fcrkiye\u2019nin en b\u00fcy\u00fck Nil\u00fcfer \u00c7i\u00e7e\u011fi tarlas\u0131n\u0131 bar\u0131nd\u0131ran I\u015f\u0131kl\u0131 G\u00f6l\u00fc\u2019nde bir ilk ya\u015fand\u0131. Bu\u011fra Alp Demir ile Gamze Altunda\u011f teknede d\u00fczenlenen nikah merasimi ile evlendi. \u00c7ivrilli gen\u00e7 \u00e7ift se\u00e7tikleri nikah yeri ile bir ile imza atarak nikah ve evliliklerini \u00f6l\u00fcms\u00fczle\u015ftirdi. I\u015f\u0131kl\u0131 G\u00f6l\u00fc\u2019n\u00fcn Sundurlu Mahallesi\u2019ndeki iskeleden g\u00f6le giren gelin, damat, \u015fahitler ve nikah memuru nikah yerine teknelerle geldi.<br \/>\n<br \/>Gelin Gamze Altunda\u011f ile damat Bu\u011fra Alp Demir ve \u015fahitlerin yerlerini almas\u0131yla ba\u015flayan t\u00f6rende, nikah memuru Hasan G\u00fcm\u00fc\u015f gen\u00e7 \u00e7iftin nikah\u0131n\u0131 tekne \u00fczerinde k\u0131yd\u0131. Az say\u0131da davetlinin kat\u0131ld\u0131\u011f\u0131 nikah t\u00f6reni nikah memurunun evlilik c\u00fczdan\u0131n\u0131 geline teslim etmesiyle sona erdi.<\/p>\n<p>&#8220;Nikah tarihimizi ald\u0131ktan sonra nikah\u0131m\u0131z\u0131 g\u00f6lde yapmak istedik&#8221;<br \/>\n<br \/>Nikah t\u00f6renini g\u00f6l \u00fczerinde ve Nil\u00fcfer \u00e7i\u00e7ekleri i\u00e7inde yapan Bu\u011fra Alp Gamze Demir \u00e7ifti mutlu olduklar\u0131n\u0131 belirterek; &#8220;Nikah tarihimizi ald\u0131ktan sonra nikah\u0131m\u0131z\u0131 g\u00f6lde yapmak istedik. Memur ve \u015fahitlerde onay verince haz\u0131rl\u0131\u011f\u0131m\u0131z\u0131 yapt\u0131k ve \u00c7ivril\u2019in en b\u00fcy\u00fck de\u011feri I\u015f\u0131kl\u0131 G\u00f6l\u00fcm\u00fczde nil\u00fcfer \u00e7i\u00e7ekleri i\u00e7inde evlendik. Bize anlay\u0131\u015f g\u00f6steren ba\u015fta nikah memurumuz Hasan G\u00fcm\u00fc\u015f olmak \u00fczere \u015fahitlerimize ve aile b\u00fcy\u00fcklerimize te\u015fekk\u00fcr ederiz. Bizim i\u00e7in ayr\u0131 bir heyecan ve mutluluk oldu&#8221; dedi.<br \/><\/p>\n","protected":false},"excerpt":{"rendered":"<p>T\u00fcrkiye\u2019nin en b\u00fcy\u00fck nil\u00fcfer \u00e7i\u00e7e\u011fi tarlas\u0131na ev sahipli\u011fi yapan I\u015f\u0131kl\u0131 G\u00f6l\u00fc\u2019nde ilk kez bir nikah teknede k\u0131y\u0131ld\u0131. Gen\u00e7 \u00e7ift, nil\u00fcferler aras\u0131nda g\u00f6l \u00fcst\u00fcnde d\u00fcnyaevine girdi. T\u00fcrkiye\u2019nin en b\u00fcy\u00fck Nil\u00fcfer \u00c7i\u00e7e\u011fi tarlas\u0131n\u0131 bar\u0131nd\u0131ran I\u015f\u0131kl\u0131 G\u00f6l\u00fc\u2019nde bir ilk ya\u015fand\u0131. Bu\u011fra Alp Demir ile Gamze Altunda\u011f teknede d\u00fczenlenen nikah merasimi ile evlendi. \u00c7ivrilli gen\u00e7 \u00e7ift se\u00e7tikleri nikah yeri&#8230;<\/p>\n","protected":false},"author":1,"featured_media":39622,"comment_status":"open","ping_status":"open","sticky":false,"template":"","format":"standard","meta":{"_crdt_document":"","footnotes":""},"categories":[1],"tags":[],"class_list":["post-39621","post","type-post","status-publish","format-standard","has-post-thumbnail","hentry","category-guncel"],"_links":{"self":[{"href":"https:\/\/www.egemtv.com\/index.php?rest_route=\/wp\/v2\/posts\/39621","targetHints":{"allow":["GET"]}}],"collection":[{"href":"https:\/\/www.egemtv.com\/index.php?rest_route=\/wp\/v2\/posts"}],"about":[{"href":"https:\/\/www.egemtv.com\/index.php?rest_route=\/wp\/v2\/types\/post"}],"author":[{"embeddable":true,"href":"https:\/\/www.egemtv.com\/index.php?rest_route=\/wp\/v2\/users\/1"}],"replies":[{"embeddable":true,"href":"https:\/\/www.egemtv.com\/index.php?rest_route=%2Fwp%2Fv2%2Fcomments&post=39621"}],"version-history":[{"count":1,"href":"https:\/\/www.egemtv.com\/index.php?rest_route=\/wp\/v2\/posts\/39621\/revisions"}],"predecessor-version":[{"id":39623,"href":"https:\/\/www.egemtv.com\/index.php?rest_route=\/wp\/v2\/posts\/39621\/revisions\/39623"}],"wp:featuredmedia":[{"embeddable":true,"href":"https:\/\/www.egemtv.com\/index.php?rest_route=\/wp\/v2\/media\/39622"}],"wp:attachment":[{"href":"https:\/\/www.egemtv.com\/index.php?rest_route=%2Fwp%2Fv2%2Fmedia&parent=39621"}],"wp:term":[{"taxonomy":"category","embeddable":true,"href":"https:\/\/www.egemtv.com\/index.php?rest_route=%2Fwp%2Fv2%2Fcategories&post=39621"},{"taxonomy":"post_tag","embeddable":true,"href":"https:\/\/www.egemtv.com\/index.php?rest_route=%2Fwp%2Fv2%2Ftags&post=39621"}],"curies":[{"name":"wp","href":"https:\/\/api.w.org\/{rel}","templated":true}]}}