{"id":39618,"date":"2025-07-03T13:56:04","date_gmt":"2025-07-03T10:56:04","guid":{"rendered":"https:\/\/www.egemtv.com\/?p=39618"},"modified":"2025-07-03T13:56:09","modified_gmt":"2025-07-03T10:56:09","slug":"umurluda-temizlik-calismasi","status":"publish","type":"post","link":"https:\/\/www.egemtv.com\/?p=39618","title":{"rendered":"Umurlu\u2019da temizlik \u00e7al\u0131\u015fmas\u0131"},"content":{"rendered":"<p>Ayd\u0131n B\u00fcy\u00fck\u015fehir Belediyesi\u2019ne ba\u011fl\u0131 temizlik ekipleri, Ayd\u0131n kent genelinde \u00e7al\u0131\u015fmalar\u0131n\u0131 s\u00fcrd\u00fcr\u00fcyor.<br \/>\n<br \/>Ekipler Efeler il\u00e7esi, Umurlu Mahallesi\u2019nde B\u00fcy\u00fck\u015fehir Belediyesi\u2019nin sorumluluk alanlar\u0131nda temizlik \u00e7al\u0131\u015fmalar\u0131n\u0131 ger\u00e7ekle\u015ftirdi. Park ve Bah\u00e7eler, \u00c7evre Koruma ve Kontrol ile Ula\u015f\u0131m Dairesi Ba\u015fkanl\u0131klar\u0131na ba\u011fl\u0131 ekipler rutin temizlik \u00e7al\u0131\u015fmalar\u0131n\u0131n s\u00fcrd\u00fcrmelerinin yan\u0131 s\u0131ra budama faaliyetlerini ger\u00e7ekle\u015ftirerek Umurlu\u2019yu temiz bir g\u00f6r\u00fcn\u00fcme kavu\u015fturdu.<br \/>\n<br \/>Kent esteti\u011fi ve hijyenine \u00f6nem g\u00f6sterdiklerini ifade eden Ayd\u0131n B\u00fcy\u00fck\u015fehir Belediye Ba\u015fkan\u0131 \u00d6zlem \u00c7er\u00e7io\u011flu, &#8220;Ayd\u0131n\u2019\u0131 p\u0131r\u0131l p\u0131r\u0131l tutmak i\u00e7in t\u00fcm il\u00e7elerimizde e\u015f zamanl\u0131 olarak \u00e7al\u0131\u015fmalar\u0131m\u0131z devam ediyor. Kentimizde sorumluluk alanlar\u0131m\u0131zda bulunan t\u00fcm noktalarda gece-g\u00fcnd\u00fcz demeden temizlik \u00e7al\u0131\u015fmalar\u0131m\u0131z\u0131 titizlikle s\u00fcrd\u00fcr\u00fcyoruz&#8221; dedi.<br \/>\n<br \/>Vatanda\u015flar, temizlik \u00e7al\u0131\u015fmalar\u0131ndan memnuniyet duyduklar\u0131n\u0131 belirterek \u00c7er\u00e7io\u011flu\u2019na te\u015fekk\u00fcr etti.<br \/><\/p>\n","protected":false},"excerpt":{"rendered":"<p>Ayd\u0131n B\u00fcy\u00fck\u015fehir Belediyesi\u2019ne ba\u011fl\u0131 temizlik ekipleri, Ayd\u0131n kent genelinde \u00e7al\u0131\u015fmalar\u0131n\u0131 s\u00fcrd\u00fcr\u00fcyor. Ekipler Efeler il\u00e7esi, Umurlu Mahallesi\u2019nde B\u00fcy\u00fck\u015fehir Belediyesi\u2019nin sorumluluk alanlar\u0131nda temizlik \u00e7al\u0131\u015fmalar\u0131n\u0131 ger\u00e7ekle\u015ftirdi. Park ve Bah\u00e7eler, \u00c7evre Koruma ve Kontrol ile Ula\u015f\u0131m Dairesi Ba\u015fkanl\u0131klar\u0131na ba\u011fl\u0131 ekipler rutin temizlik \u00e7al\u0131\u015fmalar\u0131n\u0131n s\u00fcrd\u00fcrmelerinin yan\u0131 s\u0131ra budama faaliyetlerini ger\u00e7ekle\u015ftirerek Umurlu\u2019yu temiz bir g\u00f6r\u00fcn\u00fcme kavu\u015fturdu. Kent esteti\u011fi ve hijyenine \u00f6nem&#8230;<\/p>\n","protected":false},"author":1,"featured_media":39619,"comment_status":"open","ping_status":"open","sticky":false,"template":"","format":"standard","meta":{"_crdt_document":"","footnotes":""},"categories":[1],"tags":[],"class_list":["post-39618","post","type-post","status-publish","format-standard","has-post-thumbnail","hentry","category-guncel"],"_links":{"self":[{"href":"https:\/\/www.egemtv.com\/index.php?rest_route=\/wp\/v2\/posts\/39618","targetHints":{"allow":["GET"]}}],"collection":[{"href":"https:\/\/www.egemtv.com\/index.php?rest_route=\/wp\/v2\/posts"}],"about":[{"href":"https:\/\/www.egemtv.com\/index.php?rest_route=\/wp\/v2\/types\/post"}],"author":[{"embeddable":true,"href":"https:\/\/www.egemtv.com\/index.php?rest_route=\/wp\/v2\/users\/1"}],"replies":[{"embeddable":true,"href":"https:\/\/www.egemtv.com\/index.php?rest_route=%2Fwp%2Fv2%2Fcomments&post=39618"}],"version-history":[{"count":1,"href":"https:\/\/www.egemtv.com\/index.php?rest_route=\/wp\/v2\/posts\/39618\/revisions"}],"predecessor-version":[{"id":39620,"href":"https:\/\/www.egemtv.com\/index.php?rest_route=\/wp\/v2\/posts\/39618\/revisions\/39620"}],"wp:featuredmedia":[{"embeddable":true,"href":"https:\/\/www.egemtv.com\/index.php?rest_route=\/wp\/v2\/media\/39619"}],"wp:attachment":[{"href":"https:\/\/www.egemtv.com\/index.php?rest_route=%2Fwp%2Fv2%2Fmedia&parent=39618"}],"wp:term":[{"taxonomy":"category","embeddable":true,"href":"https:\/\/www.egemtv.com\/index.php?rest_route=%2Fwp%2Fv2%2Fcategories&post=39618"},{"taxonomy":"post_tag","embeddable":true,"href":"https:\/\/www.egemtv.com\/index.php?rest_route=%2Fwp%2Fv2%2Ftags&post=39618"}],"curies":[{"name":"wp","href":"https:\/\/api.w.org\/{rel}","templated":true}]}}