{"id":39615,"date":"2025-07-03T13:36:35","date_gmt":"2025-07-03T10:36:35","guid":{"rendered":"https:\/\/www.egemtv.com\/?p=39615"},"modified":"2025-07-03T13:36:39","modified_gmt":"2025-07-03T10:36:39","slug":"milasta-silahli-kavga-1-yarali","status":"publish","type":"post","link":"https:\/\/www.egemtv.com\/?p=39615","title":{"rendered":"Milas\u2019ta silahl\u0131 kavga: 1 yaral\u0131"},"content":{"rendered":"<p>Mu\u011fla\u2019n\u0131n Milas il\u00e7esinde meydana gelen silahl\u0131 kavgada 1 ki\u015fi yaraland\u0131.<\/p>\n<p>Olay, \u00d6ren Mahallesi Yal\u0131 Mevkii\u2019nde gece saatlerinde bir i\u015fletmede meydana geldi. Edinilen bilgiye g\u00f6re, M.E.G. isimli \u015fah\u0131s ya\u015fanan s\u00f6zl\u00fc tart\u0131\u015fman\u0131n ard\u0131ndan i\u015fletme sahibi G.K.\u2019yi tabanca ile sa\u011f baca\u011f\u0131ndan vurarak yaralad\u0131. Silah seslerini duyan i\u015fletme \u00e7al\u0131\u015fanlar\u0131 da sald\u0131r\u0131y\u0131 ger\u00e7ekle\u015ftiren M.E.G.\u2019yi darp etti. \u0130hbar \u00fczerine b\u00f6lgeye sa\u011fl\u0131k ve jandarma ekipleri sevk edildi. K\u0131sa s\u00fcrede olay yerine gelen jandarma ekipleri hem silahl\u0131 sald\u0131rgan\u0131 hem de olaya kar\u0131\u015ft\u0131\u011f\u0131 belirlenen di\u011fer \u015f\u00fcphelileri g\u00f6zalt\u0131na ald\u0131. Sa\u011fl\u0131k ekipleri taraf\u0131ndan da ilk m\u00fcdahalesi yap\u0131larak ambulansla hastaneye kald\u0131r\u0131lan yaral\u0131 G.K.\u2019n\u0131n hayati tehlikesinin bulunmad\u0131\u011f\u0131 \u00f6\u011frenildi.<\/p>\n<p>Olayla ilgili soru\u015fturma s\u00fcr\u00fcyor.<br \/><\/p>\n","protected":false},"excerpt":{"rendered":"<p>Mu\u011fla\u2019n\u0131n Milas il\u00e7esinde meydana gelen silahl\u0131 kavgada 1 ki\u015fi yaraland\u0131. Olay, \u00d6ren Mahallesi Yal\u0131 Mevkii\u2019nde gece saatlerinde bir i\u015fletmede meydana geldi. Edinilen bilgiye g\u00f6re, M.E.G. isimli \u015fah\u0131s ya\u015fanan s\u00f6zl\u00fc tart\u0131\u015fman\u0131n ard\u0131ndan i\u015fletme sahibi G.K.\u2019yi tabanca ile sa\u011f baca\u011f\u0131ndan vurarak yaralad\u0131. Silah seslerini duyan i\u015fletme \u00e7al\u0131\u015fanlar\u0131 da sald\u0131r\u0131y\u0131 ger\u00e7ekle\u015ftiren M.E.G.\u2019yi darp etti. \u0130hbar \u00fczerine b\u00f6lgeye sa\u011fl\u0131k&#8230;<\/p>\n","protected":false},"author":1,"featured_media":39616,"comment_status":"open","ping_status":"open","sticky":false,"template":"","format":"standard","meta":{"_crdt_document":"","footnotes":""},"categories":[5],"tags":[],"class_list":["post-39615","post","type-post","status-publish","format-standard","has-post-thumbnail","hentry","category-asayis"],"_links":{"self":[{"href":"https:\/\/www.egemtv.com\/index.php?rest_route=\/wp\/v2\/posts\/39615","targetHints":{"allow":["GET"]}}],"collection":[{"href":"https:\/\/www.egemtv.com\/index.php?rest_route=\/wp\/v2\/posts"}],"about":[{"href":"https:\/\/www.egemtv.com\/index.php?rest_route=\/wp\/v2\/types\/post"}],"author":[{"embeddable":true,"href":"https:\/\/www.egemtv.com\/index.php?rest_route=\/wp\/v2\/users\/1"}],"replies":[{"embeddable":true,"href":"https:\/\/www.egemtv.com\/index.php?rest_route=%2Fwp%2Fv2%2Fcomments&post=39615"}],"version-history":[{"count":1,"href":"https:\/\/www.egemtv.com\/index.php?rest_route=\/wp\/v2\/posts\/39615\/revisions"}],"predecessor-version":[{"id":39617,"href":"https:\/\/www.egemtv.com\/index.php?rest_route=\/wp\/v2\/posts\/39615\/revisions\/39617"}],"wp:featuredmedia":[{"embeddable":true,"href":"https:\/\/www.egemtv.com\/index.php?rest_route=\/wp\/v2\/media\/39616"}],"wp:attachment":[{"href":"https:\/\/www.egemtv.com\/index.php?rest_route=%2Fwp%2Fv2%2Fmedia&parent=39615"}],"wp:term":[{"taxonomy":"category","embeddable":true,"href":"https:\/\/www.egemtv.com\/index.php?rest_route=%2Fwp%2Fv2%2Fcategories&post=39615"},{"taxonomy":"post_tag","embeddable":true,"href":"https:\/\/www.egemtv.com\/index.php?rest_route=%2Fwp%2Fv2%2Ftags&post=39615"}],"curies":[{"name":"wp","href":"https:\/\/api.w.org\/{rel}","templated":true}]}}