{"id":39600,"date":"2025-07-03T13:15:42","date_gmt":"2025-07-03T10:15:42","guid":{"rendered":"https:\/\/www.egemtv.com\/?p=39600"},"modified":"2025-07-03T13:15:44","modified_gmt":"2025-07-03T10:15:44","slug":"tavsanli-cardaklisporda-ali-can-uz-donemi","status":"publish","type":"post","link":"https:\/\/www.egemtv.com\/?p=39600","title":{"rendered":"Tav\u015fanl\u0131 \u00c7ardakl\u0131spor\u2019da Ali Can Uz d\u00f6nemi"},"content":{"rendered":"<p>K\u00fctahya futbol camias\u0131n\u0131n tan\u0131d\u0131k simalar\u0131ndan Ali Can Uz, 2025\/2026 sezonu i\u00e7in S\u00fcper Amat\u00f6r Lig ekiplerinden \u00c7ardakl\u0131spor ile anla\u015fmaya vard\u0131.<br \/>\n<br \/>Futbolculuk kariyerine \u00c7ardakl\u0131spor, Ak\u0131nc\u0131larspor, TK\u0130 Tav\u015fanl\u0131 Linyitspor ve K\u00fctahya \u015eekerspor formalar\u0131n\u0131 giyerek ba\u015flayan Uz, futbolu b\u0131rakt\u0131ktan sonra da sporun i\u00e7inde kalmaya devam etti. Aral\u0131klarla toplam \u00fc\u00e7 y\u0131l \u00c7ardakl\u0131spor\u2019da antren\u00f6rl\u00fck yapan ve bu s\u00fcre zarf\u0131nda iki defa \u015fampiyonluk sevinci ya\u015fayan Ali Can Uz, kul\u00fcbe olan ba\u011fl\u0131l\u0131\u011f\u0131n\u0131 bir kez daha g\u00f6sterdi. Ayn\u0131 zamanda K\u00fctahya Amat\u00f6r Spor Kul\u00fcpleri Federasyonu y\u00f6netim kurulu \u00fcyeli\u011fi g\u00f6revini de y\u00fcr\u00fcten Uz\u2019un, \u00c7ardakl\u0131spor\u2019a hem saha i\u00e7inde hem de saha d\u0131\u015f\u0131nda \u00f6nemli katk\u0131lar sa\u011flamas\u0131 bekleniyor.<br \/>\n<br \/>Bu anla\u015fma, \u00c7ardakl\u0131spor camias\u0131nda b\u00fcy\u00fck bir heyecan olu\u015ftururken, kul\u00fcb\u00fcn yeni sezonda iddial\u0131 bir performans sergileyece\u011finin sinyallerini verdi.<br \/><\/p>\n","protected":false},"excerpt":{"rendered":"<p>K\u00fctahya futbol camias\u0131n\u0131n tan\u0131d\u0131k simalar\u0131ndan Ali Can Uz, 2025\/2026 sezonu i\u00e7in S\u00fcper Amat\u00f6r Lig ekiplerinden \u00c7ardakl\u0131spor ile anla\u015fmaya vard\u0131. Futbolculuk kariyerine \u00c7ardakl\u0131spor, Ak\u0131nc\u0131larspor, TK\u0130 Tav\u015fanl\u0131 Linyitspor ve K\u00fctahya \u015eekerspor formalar\u0131n\u0131 giyerek ba\u015flayan Uz, futbolu b\u0131rakt\u0131ktan sonra da sporun i\u00e7inde kalmaya devam etti. Aral\u0131klarla toplam \u00fc\u00e7 y\u0131l \u00c7ardakl\u0131spor\u2019da antren\u00f6rl\u00fck yapan ve bu s\u00fcre zarf\u0131nda iki defa&#8230;<\/p>\n","protected":false},"author":1,"featured_media":39601,"comment_status":"open","ping_status":"open","sticky":false,"template":"","format":"standard","meta":{"_crdt_document":"","footnotes":""},"categories":[4],"tags":[],"class_list":["post-39600","post","type-post","status-publish","format-standard","has-post-thumbnail","hentry","category-spor"],"_links":{"self":[{"href":"https:\/\/www.egemtv.com\/index.php?rest_route=\/wp\/v2\/posts\/39600","targetHints":{"allow":["GET"]}}],"collection":[{"href":"https:\/\/www.egemtv.com\/index.php?rest_route=\/wp\/v2\/posts"}],"about":[{"href":"https:\/\/www.egemtv.com\/index.php?rest_route=\/wp\/v2\/types\/post"}],"author":[{"embeddable":true,"href":"https:\/\/www.egemtv.com\/index.php?rest_route=\/wp\/v2\/users\/1"}],"replies":[{"embeddable":true,"href":"https:\/\/www.egemtv.com\/index.php?rest_route=%2Fwp%2Fv2%2Fcomments&post=39600"}],"version-history":[{"count":1,"href":"https:\/\/www.egemtv.com\/index.php?rest_route=\/wp\/v2\/posts\/39600\/revisions"}],"predecessor-version":[{"id":39602,"href":"https:\/\/www.egemtv.com\/index.php?rest_route=\/wp\/v2\/posts\/39600\/revisions\/39602"}],"wp:featuredmedia":[{"embeddable":true,"href":"https:\/\/www.egemtv.com\/index.php?rest_route=\/wp\/v2\/media\/39601"}],"wp:attachment":[{"href":"https:\/\/www.egemtv.com\/index.php?rest_route=%2Fwp%2Fv2%2Fmedia&parent=39600"}],"wp:term":[{"taxonomy":"category","embeddable":true,"href":"https:\/\/www.egemtv.com\/index.php?rest_route=%2Fwp%2Fv2%2Fcategories&post=39600"},{"taxonomy":"post_tag","embeddable":true,"href":"https:\/\/www.egemtv.com\/index.php?rest_route=%2Fwp%2Fv2%2Ftags&post=39600"}],"curies":[{"name":"wp","href":"https:\/\/api.w.org\/{rel}","templated":true}]}}