{"id":39597,"date":"2025-07-03T13:15:37","date_gmt":"2025-07-03T10:15:37","guid":{"rendered":"https:\/\/www.egemtv.com\/?p=39597"},"modified":"2025-07-03T13:15:42","modified_gmt":"2025-07-03T10:15:42","slug":"yaz-spor-okullari-ile-engelsiz-spor-okullari-acilisi-yapildi","status":"publish","type":"post","link":"https:\/\/www.egemtv.com\/?p=39597","title":{"rendered":"Yaz Spor Okullar\u0131 ile Engelsiz Spor Okullar\u0131 a\u00e7\u0131l\u0131\u015f\u0131 yap\u0131ld\u0131"},"content":{"rendered":"<p>Afyonkarahisar Gen\u00e7lik ve Spor Bakanl\u0131\u011f\u0131 (GSB) taraf\u0131ndan d\u00fczenlenen ve \u00e7ok say\u0131da spor bran\u015f\u0131n\u0131n er ald\u0131\u011f\u0131 Yaz Spor Okullar\u0131 ve Engelsiz Spor Okullar\u0131\u2019n\u0131n a\u00e7\u0131l\u0131\u015f seremonisi ger\u00e7ekle\u015ftirildi.<br \/>\n<br \/>Kocatepe Spor Kompleksinde ger\u00e7ekle\u015ftirilen program, \u00f6\u011frencilerin kat\u0131l\u0131m\u0131yla ger\u00e7ekle\u015ftirilen a\u00e7\u0131l\u0131\u015f y\u00fcr\u00fcy\u00fc\u015f\u00fcyle ba\u015flad\u0131. Ard\u0131ndan sayg\u0131 duru\u015fu ve \u0130stiklal Mar\u015f\u0131\u2019n\u0131n okunmas\u0131yla t\u00f6ren devam etti. A\u00e7\u0131l\u0131\u015fta konu\u015fan Gen\u00e7lik ve Spor \u0130l M\u00fcd\u00fcr\u00fc Nedim Aslan, yaz spor okullar\u0131na yo\u011fun ba\u015fvuru oldu\u011funu belirterek g\u00f6sterilen ilgiden dolay\u0131 sporculara ve velilere te\u015fekk\u00fcr etti.<br \/>\n<br \/>Sporun \u00e7ocuklar\u0131n fiziksel, zihinsel ve sosyal geli\u015fimine \u00f6nemli katk\u0131lar sundu\u011funu vurgulayan Aslan, &#8220;Fiziksel aktivite; sa\u011fl\u0131k, disiplin, sosyal ili\u015fkiler ve karakter geli\u015fimi a\u00e7\u0131s\u0131ndan b\u00fcy\u00fck \u00f6nem ta\u015f\u0131r. Ayn\u0131 zamanda tak\u0131m \u00e7al\u0131\u015fmas\u0131, liderlik becerileri ve fair-play ruhunu da geli\u015ftirir. Yaz spor okullar\u0131m\u0131z\u0131n temel amac\u0131, \u00e7ocuklar\u0131m\u0131z\u0131 sporla tan\u0131\u015ft\u0131rarak sa\u011fl\u0131kl\u0131 bir ya\u015fam tarz\u0131na y\u00f6nlendirmektir&#8221; dedi.<br \/>\n<br \/>Konu\u015fmalar\u0131n ard\u0131ndan farkl\u0131 spor bran\u015flar\u0131n\u0131n tan\u0131t\u0131m\u0131 yap\u0131ld\u0131. \u00c7ocuklar ve gen\u00e7ler, \u00e7e\u015fitli bran\u015flar\u0131 yak\u0131ndan tan\u0131ma f\u0131rsat\u0131 buldu.<br \/><\/p>\n","protected":false},"excerpt":{"rendered":"<p>Afyonkarahisar Gen\u00e7lik ve Spor Bakanl\u0131\u011f\u0131 (GSB) taraf\u0131ndan d\u00fczenlenen ve \u00e7ok say\u0131da spor bran\u015f\u0131n\u0131n er ald\u0131\u011f\u0131 Yaz Spor Okullar\u0131 ve Engelsiz Spor Okullar\u0131\u2019n\u0131n a\u00e7\u0131l\u0131\u015f seremonisi ger\u00e7ekle\u015ftirildi. Kocatepe Spor Kompleksinde ger\u00e7ekle\u015ftirilen program, \u00f6\u011frencilerin kat\u0131l\u0131m\u0131yla ger\u00e7ekle\u015ftirilen a\u00e7\u0131l\u0131\u015f y\u00fcr\u00fcy\u00fc\u015f\u00fcyle ba\u015flad\u0131. Ard\u0131ndan sayg\u0131 duru\u015fu ve \u0130stiklal Mar\u015f\u0131\u2019n\u0131n okunmas\u0131yla t\u00f6ren devam etti. A\u00e7\u0131l\u0131\u015fta konu\u015fan Gen\u00e7lik ve Spor \u0130l M\u00fcd\u00fcr\u00fc Nedim Aslan,&#8230;<\/p>\n","protected":false},"author":1,"featured_media":39598,"comment_status":"open","ping_status":"open","sticky":false,"template":"","format":"standard","meta":{"_crdt_document":"","footnotes":""},"categories":[4],"tags":[],"class_list":["post-39597","post","type-post","status-publish","format-standard","has-post-thumbnail","hentry","category-spor"],"_links":{"self":[{"href":"https:\/\/www.egemtv.com\/index.php?rest_route=\/wp\/v2\/posts\/39597","targetHints":{"allow":["GET"]}}],"collection":[{"href":"https:\/\/www.egemtv.com\/index.php?rest_route=\/wp\/v2\/posts"}],"about":[{"href":"https:\/\/www.egemtv.com\/index.php?rest_route=\/wp\/v2\/types\/post"}],"author":[{"embeddable":true,"href":"https:\/\/www.egemtv.com\/index.php?rest_route=\/wp\/v2\/users\/1"}],"replies":[{"embeddable":true,"href":"https:\/\/www.egemtv.com\/index.php?rest_route=%2Fwp%2Fv2%2Fcomments&post=39597"}],"version-history":[{"count":1,"href":"https:\/\/www.egemtv.com\/index.php?rest_route=\/wp\/v2\/posts\/39597\/revisions"}],"predecessor-version":[{"id":39599,"href":"https:\/\/www.egemtv.com\/index.php?rest_route=\/wp\/v2\/posts\/39597\/revisions\/39599"}],"wp:featuredmedia":[{"embeddable":true,"href":"https:\/\/www.egemtv.com\/index.php?rest_route=\/wp\/v2\/media\/39598"}],"wp:attachment":[{"href":"https:\/\/www.egemtv.com\/index.php?rest_route=%2Fwp%2Fv2%2Fmedia&parent=39597"}],"wp:term":[{"taxonomy":"category","embeddable":true,"href":"https:\/\/www.egemtv.com\/index.php?rest_route=%2Fwp%2Fv2%2Fcategories&post=39597"},{"taxonomy":"post_tag","embeddable":true,"href":"https:\/\/www.egemtv.com\/index.php?rest_route=%2Fwp%2Fv2%2Ftags&post=39597"}],"curies":[{"name":"wp","href":"https:\/\/api.w.org\/{rel}","templated":true}]}}