{"id":39594,"date":"2025-07-03T13:15:33","date_gmt":"2025-07-03T10:15:33","guid":{"rendered":"https:\/\/www.egemtv.com\/?p=39594"},"modified":"2025-07-03T13:15:37","modified_gmt":"2025-07-03T10:15:37","slug":"basketbol-musabakalari-sona-erdi","status":"publish","type":"post","link":"https:\/\/www.egemtv.com\/?p=39594","title":{"rendered":"Basketbol m\u00fcsabakalar\u0131 sona erdi"},"content":{"rendered":"<p>Afyonkarahisar\u2019da ger\u00e7ekle\u015ftirilen basketbol m\u00fcsabakalar\u0131 d\u00fczenlenen kupa t\u00f6reni ile sona erdi.<br \/>\n<br \/>Prof. Dr. Veysel Ero\u011flu Spor Salonunda d\u00fczenlenen U10, U11 ve U12 Basketbol Kul\u00fcp m\u00fcsabakalar\u0131 tamamland\u0131. Dereceye giren tak\u0131mlara kupa ve madalyalar\u0131; Vali Yard\u0131mc\u0131s\u0131 \u0130hsan Ayranc\u0131, Gen\u00e7lik ve Spor \u0130l M\u00fcd\u00fcr\u00fc Nedim Aslan, Erkmen Belediye Ba\u015fkan\u0131 Y\u00fccel \u015eahin, Spor Hizmetleri M\u00fcd\u00fcr\u00fc Y\u0131lmaz Er\u015fen, \u015eube M\u00fcd\u00fcr\u00fc Hakan K\u0131vr\u0131k ve Basketbol \u0130l Temsilcisi Muhammed Do\u011fan taraf\u0131ndan verildi.<br \/>\n<br \/>Etkinlikle ilgili konu\u015fan Aslan, &#8220;M\u00fcsabakalara kat\u0131lan t\u00fcm sporcular\u0131 ve antren\u00f6rlerini tebrik ediyor, organizasyonda eme\u011fi ge\u00e7en herkese te\u015fekk\u00fcr ediyoruz&#8221; dedi.<br \/><\/p>\n","protected":false},"excerpt":{"rendered":"<p>Afyonkarahisar\u2019da ger\u00e7ekle\u015ftirilen basketbol m\u00fcsabakalar\u0131 d\u00fczenlenen kupa t\u00f6reni ile sona erdi. Prof. Dr. Veysel Ero\u011flu Spor Salonunda d\u00fczenlenen U10, U11 ve U12 Basketbol Kul\u00fcp m\u00fcsabakalar\u0131 tamamland\u0131. Dereceye giren tak\u0131mlara kupa ve madalyalar\u0131; Vali Yard\u0131mc\u0131s\u0131 \u0130hsan Ayranc\u0131, Gen\u00e7lik ve Spor \u0130l M\u00fcd\u00fcr\u00fc Nedim Aslan, Erkmen Belediye Ba\u015fkan\u0131 Y\u00fccel \u015eahin, Spor Hizmetleri M\u00fcd\u00fcr\u00fc Y\u0131lmaz Er\u015fen, \u015eube M\u00fcd\u00fcr\u00fc Hakan&#8230;<\/p>\n","protected":false},"author":1,"featured_media":39595,"comment_status":"open","ping_status":"open","sticky":false,"template":"","format":"standard","meta":{"_crdt_document":"","footnotes":""},"categories":[4],"tags":[],"class_list":["post-39594","post","type-post","status-publish","format-standard","has-post-thumbnail","hentry","category-spor"],"_links":{"self":[{"href":"https:\/\/www.egemtv.com\/index.php?rest_route=\/wp\/v2\/posts\/39594","targetHints":{"allow":["GET"]}}],"collection":[{"href":"https:\/\/www.egemtv.com\/index.php?rest_route=\/wp\/v2\/posts"}],"about":[{"href":"https:\/\/www.egemtv.com\/index.php?rest_route=\/wp\/v2\/types\/post"}],"author":[{"embeddable":true,"href":"https:\/\/www.egemtv.com\/index.php?rest_route=\/wp\/v2\/users\/1"}],"replies":[{"embeddable":true,"href":"https:\/\/www.egemtv.com\/index.php?rest_route=%2Fwp%2Fv2%2Fcomments&post=39594"}],"version-history":[{"count":1,"href":"https:\/\/www.egemtv.com\/index.php?rest_route=\/wp\/v2\/posts\/39594\/revisions"}],"predecessor-version":[{"id":39596,"href":"https:\/\/www.egemtv.com\/index.php?rest_route=\/wp\/v2\/posts\/39594\/revisions\/39596"}],"wp:featuredmedia":[{"embeddable":true,"href":"https:\/\/www.egemtv.com\/index.php?rest_route=\/wp\/v2\/media\/39595"}],"wp:attachment":[{"href":"https:\/\/www.egemtv.com\/index.php?rest_route=%2Fwp%2Fv2%2Fmedia&parent=39594"}],"wp:term":[{"taxonomy":"category","embeddable":true,"href":"https:\/\/www.egemtv.com\/index.php?rest_route=%2Fwp%2Fv2%2Fcategories&post=39594"},{"taxonomy":"post_tag","embeddable":true,"href":"https:\/\/www.egemtv.com\/index.php?rest_route=%2Fwp%2Fv2%2Ftags&post=39594"}],"curies":[{"name":"wp","href":"https:\/\/api.w.org\/{rel}","templated":true}]}}