{"id":39591,"date":"2025-07-03T12:56:13","date_gmt":"2025-07-03T09:56:13","guid":{"rendered":"https:\/\/www.egemtv.com\/?p=39591"},"modified":"2025-07-03T12:56:18","modified_gmt":"2025-07-03T09:56:18","slug":"sehit-aileleri-ve-gazilere-indirimli-dogalgaz","status":"publish","type":"post","link":"https:\/\/www.egemtv.com\/?p=39591","title":{"rendered":"\u015eehit aileleri ve gazilere indirimli do\u011falgaz"},"content":{"rendered":"<p>Elektrik ve su t\u00fcketiminden indirimli yararlanan \u015fehit yak\u0131nlar\u0131 \u015fehit aileleri ve gaziler, bundan b\u00f6yle do\u011falgaz kullan\u0131m\u0131ndan da indirimli faydalanacak.<br \/>\n<br \/>Emniyet Te\u015fkilat\u0131 Vazife Malul\u00fc ve \u015eehit Aileleri Vakf\u0131 taraf\u0131ndan Enerji Tabii Kaynaklar Bakan\u0131 Alparslan Bayraktan ile yap\u0131lan g\u00f6r\u00fc\u015fmeler sonras\u0131 \u015fehit aileleri ve gaziler elektrik ve su kullan\u0131m\u0131n\u0131n ard\u0131ndan do\u011fal kullan\u0131m\u0131ndan da indirimli olarak yararlanacaklar\u0131 a\u00e7\u0131kland\u0131.<br \/>\n<br \/>Emniyet Te\u015fkilat\u0131 Vazife Malul\u00fc ve \u015eehit Aileleri Vakf\u0131 Ba\u015fkan\u0131 Abdurrahman Y\u0131lmaz, &#8220;Bilindi\u011fi \u00fczere \u015fehit ailelerimiz ve gazilerimiz do\u011falgaz t\u00fcketiminde indirim yap\u0131lmas\u0131na dair bir d\u00fczenleme bulunmaktayd\u0131. Elektrik ve su t\u00fcketiminde yap\u0131lan indirim, do\u011fal gaz t\u00fcketimi i\u00e7in yap\u0131lm\u0131yordu. Vakf\u0131m\u0131zca yap\u0131lan \u00e7al\u0131\u015fma ve geli\u015fimler sonucunda Enerji ve Tabii Kaynaklar Bakan\u0131 Say\u0131n Alparslan Bayraktar ve BOTA\u015e Genel M\u00fcd\u00fcr\u00fc Say\u0131n Burhan \u00d6zcan ile g\u00f6r\u00fc\u015f\u00fclm\u00fc\u015ft\u00fcr. Bundan b\u00f6yle \u015fehit ailelerimiz ve gazilerimiz do\u011fal gaz aboneliklerinde faturalar\u0131n\u0131 indirimli olarak \u00f6deyecektir. \u015eu anda bu indirimin kapsam\u0131 ve ne \u015fekilde uygulanaca\u011f\u0131 konular\u0131 d\u00fczenlenmekte olup detaylar netle\u015fince \u00f6n\u00fcm\u00fczdeki g\u00fcnlerde kamuoyuyla payla\u015f\u0131lacakt\u0131r&#8221; dedi.<br \/><\/p>\n","protected":false},"excerpt":{"rendered":"<p>Elektrik ve su t\u00fcketiminden indirimli yararlanan \u015fehit yak\u0131nlar\u0131 \u015fehit aileleri ve gaziler, bundan b\u00f6yle do\u011falgaz kullan\u0131m\u0131ndan da indirimli faydalanacak. Emniyet Te\u015fkilat\u0131 Vazife Malul\u00fc ve \u015eehit Aileleri Vakf\u0131 taraf\u0131ndan Enerji Tabii Kaynaklar Bakan\u0131 Alparslan Bayraktan ile yap\u0131lan g\u00f6r\u00fc\u015fmeler sonras\u0131 \u015fehit aileleri ve gaziler elektrik ve su kullan\u0131m\u0131n\u0131n ard\u0131ndan do\u011fal kullan\u0131m\u0131ndan da indirimli olarak yararlanacaklar\u0131 a\u00e7\u0131kland\u0131. Emniyet&#8230;<\/p>\n","protected":false},"author":1,"featured_media":39592,"comment_status":"open","ping_status":"open","sticky":false,"template":"","format":"standard","meta":{"_crdt_document":"","footnotes":""},"categories":[123],"tags":[],"class_list":["post-39591","post","type-post","status-publish","format-standard","has-post-thumbnail","hentry","category-gundem"],"_links":{"self":[{"href":"https:\/\/www.egemtv.com\/index.php?rest_route=\/wp\/v2\/posts\/39591","targetHints":{"allow":["GET"]}}],"collection":[{"href":"https:\/\/www.egemtv.com\/index.php?rest_route=\/wp\/v2\/posts"}],"about":[{"href":"https:\/\/www.egemtv.com\/index.php?rest_route=\/wp\/v2\/types\/post"}],"author":[{"embeddable":true,"href":"https:\/\/www.egemtv.com\/index.php?rest_route=\/wp\/v2\/users\/1"}],"replies":[{"embeddable":true,"href":"https:\/\/www.egemtv.com\/index.php?rest_route=%2Fwp%2Fv2%2Fcomments&post=39591"}],"version-history":[{"count":1,"href":"https:\/\/www.egemtv.com\/index.php?rest_route=\/wp\/v2\/posts\/39591\/revisions"}],"predecessor-version":[{"id":39593,"href":"https:\/\/www.egemtv.com\/index.php?rest_route=\/wp\/v2\/posts\/39591\/revisions\/39593"}],"wp:featuredmedia":[{"embeddable":true,"href":"https:\/\/www.egemtv.com\/index.php?rest_route=\/wp\/v2\/media\/39592"}],"wp:attachment":[{"href":"https:\/\/www.egemtv.com\/index.php?rest_route=%2Fwp%2Fv2%2Fmedia&parent=39591"}],"wp:term":[{"taxonomy":"category","embeddable":true,"href":"https:\/\/www.egemtv.com\/index.php?rest_route=%2Fwp%2Fv2%2Fcategories&post=39591"},{"taxonomy":"post_tag","embeddable":true,"href":"https:\/\/www.egemtv.com\/index.php?rest_route=%2Fwp%2Fv2%2Ftags&post=39591"}],"curies":[{"name":"wp","href":"https:\/\/api.w.org\/{rel}","templated":true}]}}