{"id":39321,"date":"2025-07-02T10:56:16","date_gmt":"2025-07-02T07:56:16","guid":{"rendered":"https:\/\/www.egemtv.com\/?p=39321"},"modified":"2025-07-02T10:56:20","modified_gmt":"2025-07-02T07:56:20","slug":"aydinda-koruyucu-aile-paneli-duzenlendi","status":"publish","type":"post","link":"https:\/\/www.egemtv.com\/?p=39321","title":{"rendered":"Ayd\u0131n\u2019da Koruyucu Aile Paneli d\u00fczenlendi"},"content":{"rendered":"<p>Ayd\u0131n \u0130l M\u00fcft\u00fcl\u00fc\u011f\u00fc ile Aile ve Sosyal Hizmetler \u0130l M\u00fcd\u00fcrl\u00fc\u011f\u00fc i\u015f birli\u011finde, &#8220;Koruyucu Aile&#8221; konulu panel d\u00fczenlendi.<\/p>\n<p>\u0130l M\u00fcft\u00fcl\u00fc\u011f\u00fc Konferans Salonu\u2019nda ger\u00e7ekle\u015ftirilen program\u0131n a\u00e7\u0131l\u0131\u015f konu\u015fmas\u0131n\u0131 yapan \u0130l M\u00fcft\u00fcs\u00fc G\u00fcne\u015f, ailenin toplumun temel yap\u0131 ta\u015f\u0131 oldu\u011funu vurgulayarak, aile kurumunun zay\u0131flamas\u0131n\u0131n toplumsal yap\u0131n\u0131n da zedelenmesine neden olaca\u011f\u0131n\u0131 belirtti. \u0130l M\u00fcft\u00fc Yard\u0131mc\u0131s\u0131 Melek Sevindi\u2019nin ba\u015fkanl\u0131k etti\u011fi panelde; Psikolog Selda Tun\u00e7k\u0131r Ayd\u0131n Nas\u0131l Koruyucu Aile Olunur, Vaiz B\u00fc\u015fra Nur Sevin\u00e7 Dini Referanslar fikrinde Koruyucu Ailelik konulu sunumlar\u0131n\u0131 ger\u00e7ekle\u015ftirdi. Din K\u00fclt\u00fcr\u00fc ve Ahlak Bilgisi \u00d6\u011fretmeni Ferhat Usturumcal\u0131 ise koruyucu ailelik s\u00fcrecindeki deneyimlerini ve ya\u015fad\u0131\u011f\u0131 duygusal anlar\u0131 kat\u0131l\u0131mc\u0131larla payla\u015ft\u0131.<\/p>\n<p>Panel, kat\u0131l\u0131mc\u0131lara hediyelerinin takdim edilmesinin ard\u0131ndan sona erdi. Panele \u0130l M\u00fcft\u00fcs\u00fc Hasan G\u00fcne\u015f, Aile ve Sosyal Hizmetler \u0130l M\u00fcd\u00fcr\u00fc Abdullah K\u00f6m\u00fcrc\u00fco\u011flu, din g\u00f6revlileri ve vatanda\u015flar kat\u0131ld\u0131.<br \/><\/p>\n","protected":false},"excerpt":{"rendered":"<p>Ayd\u0131n \u0130l M\u00fcft\u00fcl\u00fc\u011f\u00fc ile Aile ve Sosyal Hizmetler \u0130l M\u00fcd\u00fcrl\u00fc\u011f\u00fc i\u015f birli\u011finde, &#8220;Koruyucu Aile&#8221; konulu panel d\u00fczenlendi. \u0130l M\u00fcft\u00fcl\u00fc\u011f\u00fc Konferans Salonu\u2019nda ger\u00e7ekle\u015ftirilen program\u0131n a\u00e7\u0131l\u0131\u015f konu\u015fmas\u0131n\u0131 yapan \u0130l M\u00fcft\u00fcs\u00fc G\u00fcne\u015f, ailenin toplumun temel yap\u0131 ta\u015f\u0131 oldu\u011funu vurgulayarak, aile kurumunun zay\u0131flamas\u0131n\u0131n toplumsal yap\u0131n\u0131n da zedelenmesine neden olaca\u011f\u0131n\u0131 belirtti. \u0130l M\u00fcft\u00fc Yard\u0131mc\u0131s\u0131 Melek Sevindi\u2019nin ba\u015fkanl\u0131k etti\u011fi panelde; Psikolog&#8230;<\/p>\n","protected":false},"author":1,"featured_media":39322,"comment_status":"open","ping_status":"open","sticky":false,"template":"","format":"standard","meta":{"_crdt_document":"","footnotes":""},"categories":[1],"tags":[],"class_list":["post-39321","post","type-post","status-publish","format-standard","has-post-thumbnail","hentry","category-guncel"],"_links":{"self":[{"href":"https:\/\/www.egemtv.com\/index.php?rest_route=\/wp\/v2\/posts\/39321","targetHints":{"allow":["GET"]}}],"collection":[{"href":"https:\/\/www.egemtv.com\/index.php?rest_route=\/wp\/v2\/posts"}],"about":[{"href":"https:\/\/www.egemtv.com\/index.php?rest_route=\/wp\/v2\/types\/post"}],"author":[{"embeddable":true,"href":"https:\/\/www.egemtv.com\/index.php?rest_route=\/wp\/v2\/users\/1"}],"replies":[{"embeddable":true,"href":"https:\/\/www.egemtv.com\/index.php?rest_route=%2Fwp%2Fv2%2Fcomments&post=39321"}],"version-history":[{"count":1,"href":"https:\/\/www.egemtv.com\/index.php?rest_route=\/wp\/v2\/posts\/39321\/revisions"}],"predecessor-version":[{"id":39323,"href":"https:\/\/www.egemtv.com\/index.php?rest_route=\/wp\/v2\/posts\/39321\/revisions\/39323"}],"wp:featuredmedia":[{"embeddable":true,"href":"https:\/\/www.egemtv.com\/index.php?rest_route=\/wp\/v2\/media\/39322"}],"wp:attachment":[{"href":"https:\/\/www.egemtv.com\/index.php?rest_route=%2Fwp%2Fv2%2Fmedia&parent=39321"}],"wp:term":[{"taxonomy":"category","embeddable":true,"href":"https:\/\/www.egemtv.com\/index.php?rest_route=%2Fwp%2Fv2%2Fcategories&post=39321"},{"taxonomy":"post_tag","embeddable":true,"href":"https:\/\/www.egemtv.com\/index.php?rest_route=%2Fwp%2Fv2%2Ftags&post=39321"}],"curies":[{"name":"wp","href":"https:\/\/api.w.org\/{rel}","templated":true}]}}