{"id":39318,"date":"2025-07-02T10:56:12","date_gmt":"2025-07-02T07:56:12","guid":{"rendered":"https:\/\/www.egemtv.com\/?p=39318"},"modified":"2025-07-02T10:56:16","modified_gmt":"2025-07-02T07:56:16","slug":"tavsanlinin-ekonomisi-icin-onemli-gorusme","status":"publish","type":"post","link":"https:\/\/www.egemtv.com\/?p=39318","title":{"rendered":"Tav\u015fanl\u0131\u2019n\u0131n ekonomisi i\u00e7in \u00f6nemli g\u00f6r\u00fc\u015fme"},"content":{"rendered":"<p>K\u00fctahya Valisi Musa I\u015f\u0131n ba\u015fkanl\u0131\u011f\u0131ndaki bir heyet, T\u00fcrkiye Odalar ve Borsalar Birli\u011fi (TOBB) Ba\u015fkan\u0131 R\u0131fat Hisarc\u0131kl\u0131o\u011flu ve Kredi Garanti Fonu (KGF) Ba\u015fkan\u0131 Erdo\u011fan \u00d6zegen ile \u00f6nemli bir toplant\u0131 ger\u00e7ekle\u015ftirdi. G\u00f6r\u00fc\u015fmede, \u00f6zellikle K\u00fctahya\u2019n\u0131n Tav\u015fanl\u0131 il\u00e7esi ba\u015fta olmak \u00fczere b\u00f6lgenin ekonomik kalk\u0131nmas\u0131na y\u00f6nelik i\u015f birlikleri masaya yat\u0131r\u0131ld\u0131.<br \/>\n<br \/>Toplant\u0131ya Vali Musa I\u015f\u0131n\u2019\u0131n yan\u0131 s\u0131ra K\u00fctahya Milletvekilleri Adil Bi\u00e7er ve Mehmet Demir, Tav\u015fanl\u0131 Belediye Ba\u015fkan\u0131 Ali Kemal Derin, Tav\u015fanl\u0131 Ticaret ve Sanayi Odas\u0131 Y\u00f6netim Kurulu Ba\u015fkan\u0131 Davut Efe, AK Parti Tav\u015fanl\u0131 \u0130l\u00e7e Ba\u015fkan\u0131 Himmet \u00d6zer, MHP Tav\u015fanl\u0131 \u0130l\u00e7e Ba\u015fkan\u0131 K\u00fcr\u015fat \u00d6zta\u015f, \u0130cra Kurulu Ba\u015fkan\u0131 Ka\u011fan Yamako\u011flu ve Tav\u015fanl\u0131 TSO Genel Sekreteri \u0130brahim Akp\u0131nar kat\u0131ld\u0131.<br \/>\n<br \/>G\u00f6r\u00fc\u015fmede, Kredi Garanti Fonu desteklerinin K\u00fctahya ve Tav\u015fanl\u0131\u2019daki i\u015fletmeler i\u00e7in daha eri\u015filebilir hale getirilmesi, b\u00f6lgedeki yat\u0131r\u0131mc\u0131lar\u0131n finansmana eri\u015fiminin kolayla\u015ft\u0131r\u0131lmas\u0131 ve yeni ekonomik projelerin hayata ge\u00e7irilmesi konular\u0131 ele al\u0131nd\u0131.<br \/>\n<br \/>Toplant\u0131n\u0131n, b\u00f6lge ekonomisine ivme kazand\u0131racak yeni i\u015f birliklerine ve destek mekanizmalar\u0131na zemin haz\u0131rlamas\u0131 bekleniyor.<br \/><\/p>\n","protected":false},"excerpt":{"rendered":"<p>K\u00fctahya Valisi Musa I\u015f\u0131n ba\u015fkanl\u0131\u011f\u0131ndaki bir heyet, T\u00fcrkiye Odalar ve Borsalar Birli\u011fi (TOBB) Ba\u015fkan\u0131 R\u0131fat Hisarc\u0131kl\u0131o\u011flu ve Kredi Garanti Fonu (KGF) Ba\u015fkan\u0131 Erdo\u011fan \u00d6zegen ile \u00f6nemli bir toplant\u0131 ger\u00e7ekle\u015ftirdi. G\u00f6r\u00fc\u015fmede, \u00f6zellikle K\u00fctahya\u2019n\u0131n Tav\u015fanl\u0131 il\u00e7esi ba\u015fta olmak \u00fczere b\u00f6lgenin ekonomik kalk\u0131nmas\u0131na y\u00f6nelik i\u015f birlikleri masaya yat\u0131r\u0131ld\u0131. Toplant\u0131ya Vali Musa I\u015f\u0131n\u2019\u0131n yan\u0131 s\u0131ra K\u00fctahya Milletvekilleri Adil Bi\u00e7er&#8230;<\/p>\n","protected":false},"author":1,"featured_media":39319,"comment_status":"open","ping_status":"open","sticky":false,"template":"","format":"standard","meta":{"_crdt_document":"","footnotes":""},"categories":[125],"tags":[],"class_list":["post-39318","post","type-post","status-publish","format-standard","has-post-thumbnail","hentry","category-ekonomi"],"_links":{"self":[{"href":"https:\/\/www.egemtv.com\/index.php?rest_route=\/wp\/v2\/posts\/39318","targetHints":{"allow":["GET"]}}],"collection":[{"href":"https:\/\/www.egemtv.com\/index.php?rest_route=\/wp\/v2\/posts"}],"about":[{"href":"https:\/\/www.egemtv.com\/index.php?rest_route=\/wp\/v2\/types\/post"}],"author":[{"embeddable":true,"href":"https:\/\/www.egemtv.com\/index.php?rest_route=\/wp\/v2\/users\/1"}],"replies":[{"embeddable":true,"href":"https:\/\/www.egemtv.com\/index.php?rest_route=%2Fwp%2Fv2%2Fcomments&post=39318"}],"version-history":[{"count":1,"href":"https:\/\/www.egemtv.com\/index.php?rest_route=\/wp\/v2\/posts\/39318\/revisions"}],"predecessor-version":[{"id":39320,"href":"https:\/\/www.egemtv.com\/index.php?rest_route=\/wp\/v2\/posts\/39318\/revisions\/39320"}],"wp:featuredmedia":[{"embeddable":true,"href":"https:\/\/www.egemtv.com\/index.php?rest_route=\/wp\/v2\/media\/39319"}],"wp:attachment":[{"href":"https:\/\/www.egemtv.com\/index.php?rest_route=%2Fwp%2Fv2%2Fmedia&parent=39318"}],"wp:term":[{"taxonomy":"category","embeddable":true,"href":"https:\/\/www.egemtv.com\/index.php?rest_route=%2Fwp%2Fv2%2Fcategories&post=39318"},{"taxonomy":"post_tag","embeddable":true,"href":"https:\/\/www.egemtv.com\/index.php?rest_route=%2Fwp%2Fv2%2Ftags&post=39318"}],"curies":[{"name":"wp","href":"https:\/\/api.w.org\/{rel}","templated":true}]}}