{"id":39315,"date":"2025-07-02T10:56:10","date_gmt":"2025-07-02T07:56:10","guid":{"rendered":"https:\/\/www.egemtv.com\/?p=39315"},"modified":"2025-07-02T10:56:12","modified_gmt":"2025-07-02T07:56:12","slug":"kutahyada-uzaktan-hasta-degerlendirme-sistemi-basladi","status":"publish","type":"post","link":"https:\/\/www.egemtv.com\/?p=39315","title":{"rendered":"K\u00fctahya\u2019da \u2019Uzaktan Hasta De\u011ferlendirme Sistemi&#8221; ba\u015flad\u0131"},"content":{"rendered":"<p>K\u00fctahya \u0130l Sa\u011fl\u0131k M\u00fcd\u00fcr\u00fc Dr. Ensar Durmu\u015f, il genelindeki hastanelerde belirli bran\u015flarda uygulanmaya ba\u015flanan &#8220;Uzaktan Hasta De\u011ferlendirme Sistemi&#8221;ni kamuoyuna tan\u0131tt\u0131.<br \/>\n<br \/>Modern t\u0131bbi teknolojilere dayal\u0131 olarak geli\u015ftirilen bu sistem sayesinde, sa\u011fl\u0131k hizmetlerinin mek\u00e2nsal ve co\u011frafi s\u0131n\u0131rlar\u0131 ortadan kald\u0131r\u0131larak vatanda\u015flara daha eri\u015filebilir ve etkin hizmet sunulmas\u0131 hedefleniyor.<br \/>\n<br \/>Dr. Ensar Durmu\u015f, yapt\u0131\u011f\u0131 a\u00e7\u0131klamada, Uzaktan Hasta De\u011ferlendirme Sistemi\u2019nin \u00f6zellikle ula\u015f\u0131m zorlu\u011fu ya\u015fayan hastalar i\u00e7in b\u00fcy\u00fck kolayl\u0131k sa\u011flayaca\u011f\u0131n\u0131 belirterek, &#8220;Bu sistemle birlikte, vatanda\u015flar\u0131m\u0131z uzman hekimlere teknolojik altyap\u0131 \u00fczerinden ula\u015fabilecek, de\u011ferlendirme ve dan\u0131\u015fmanl\u0131k hizmetlerinden faydalanabilecek&#8221; dedi.<br \/>\n<br \/>Yeni sistemin, sa\u011fl\u0131k hizmetlerinde dijitalle\u015fmenin \u00f6nemli bir ad\u0131m\u0131 oldu\u011funu vurgulayan Durmu\u015f, projenin K\u00fctahya\u2019daki sa\u011fl\u0131k hizmetlerinin kalitesini daha da y\u00fckseltece\u011fini ifade etti.<br \/><\/p>\n","protected":false},"excerpt":{"rendered":"<p>K\u00fctahya \u0130l Sa\u011fl\u0131k M\u00fcd\u00fcr\u00fc Dr. Ensar Durmu\u015f, il genelindeki hastanelerde belirli bran\u015flarda uygulanmaya ba\u015flanan &#8220;Uzaktan Hasta De\u011ferlendirme Sistemi&#8221;ni kamuoyuna tan\u0131tt\u0131. Modern t\u0131bbi teknolojilere dayal\u0131 olarak geli\u015ftirilen bu sistem sayesinde, sa\u011fl\u0131k hizmetlerinin mek\u00e2nsal ve co\u011frafi s\u0131n\u0131rlar\u0131 ortadan kald\u0131r\u0131larak vatanda\u015flara daha eri\u015filebilir ve etkin hizmet sunulmas\u0131 hedefleniyor. Dr. Ensar Durmu\u015f, yapt\u0131\u011f\u0131 a\u00e7\u0131klamada, Uzaktan Hasta De\u011ferlendirme Sistemi\u2019nin \u00f6zellikle&#8230;<\/p>\n","protected":false},"author":1,"featured_media":39316,"comment_status":"open","ping_status":"open","sticky":false,"template":"","format":"standard","meta":{"_crdt_document":"","footnotes":""},"categories":[2],"tags":[],"class_list":["post-39315","post","type-post","status-publish","format-standard","has-post-thumbnail","hentry","category-saglik"],"_links":{"self":[{"href":"https:\/\/www.egemtv.com\/index.php?rest_route=\/wp\/v2\/posts\/39315","targetHints":{"allow":["GET"]}}],"collection":[{"href":"https:\/\/www.egemtv.com\/index.php?rest_route=\/wp\/v2\/posts"}],"about":[{"href":"https:\/\/www.egemtv.com\/index.php?rest_route=\/wp\/v2\/types\/post"}],"author":[{"embeddable":true,"href":"https:\/\/www.egemtv.com\/index.php?rest_route=\/wp\/v2\/users\/1"}],"replies":[{"embeddable":true,"href":"https:\/\/www.egemtv.com\/index.php?rest_route=%2Fwp%2Fv2%2Fcomments&post=39315"}],"version-history":[{"count":1,"href":"https:\/\/www.egemtv.com\/index.php?rest_route=\/wp\/v2\/posts\/39315\/revisions"}],"predecessor-version":[{"id":39317,"href":"https:\/\/www.egemtv.com\/index.php?rest_route=\/wp\/v2\/posts\/39315\/revisions\/39317"}],"wp:featuredmedia":[{"embeddable":true,"href":"https:\/\/www.egemtv.com\/index.php?rest_route=\/wp\/v2\/media\/39316"}],"wp:attachment":[{"href":"https:\/\/www.egemtv.com\/index.php?rest_route=%2Fwp%2Fv2%2Fmedia&parent=39315"}],"wp:term":[{"taxonomy":"category","embeddable":true,"href":"https:\/\/www.egemtv.com\/index.php?rest_route=%2Fwp%2Fv2%2Fcategories&post=39315"},{"taxonomy":"post_tag","embeddable":true,"href":"https:\/\/www.egemtv.com\/index.php?rest_route=%2Fwp%2Fv2%2Ftags&post=39315"}],"curies":[{"name":"wp","href":"https:\/\/api.w.org\/{rel}","templated":true}]}}