{"id":39312,"date":"2025-07-02T10:36:03","date_gmt":"2025-07-02T07:36:03","guid":{"rendered":"https:\/\/www.egemtv.com\/?p=39312"},"modified":"2025-07-02T10:36:07","modified_gmt":"2025-07-02T07:36:07","slug":"kutahyada-yaz-tatili-hem-verimli-hem-etkili-geciyor","status":"publish","type":"post","link":"https:\/\/www.egemtv.com\/?p=39312","title":{"rendered":"K\u00fctahya\u2019da yaz tatili hem verimli hem etkili ge\u00e7iyor"},"content":{"rendered":"<p>K\u00fctahya \u0130l Mill\u00ee E\u011fitim M\u00fcd\u00fcr\u00fc Mustafa Y\u0131lmaz ve \u015eube M\u00fcd\u00fcr\u00fc \u0130rfan Kan\u0131k, 2025 y\u0131l\u0131 yaz d\u00f6neminde a\u00e7\u0131lan Destekleme ve Yeti\u015ftirme Kurslar\u0131n\u0131 (DYK) yerinde incelemek amac\u0131yla Mimar Sinan Ortaokulu\u2019nu ziyaret etti.<br \/>\n<br \/>Ziyaret kapsam\u0131nda s\u0131n\u0131flar\u0131 tek tek gezen \u0130l Mill\u00ee E\u011fitim M\u00fcd\u00fcr\u00fc Y\u0131lmaz, \u00f6\u011fretmenlerden kurs s\u00fcreci hakk\u0131nda bilgi ald\u0131. \u00d6\u011frencilerle de yak\u0131ndan ilgilenen Y\u0131lmaz, ba\u015far\u0131 dileklerinde bulunarak motive edici sohbetler ger\u00e7ekle\u015ftirdi.<br \/>\n<br \/>\u00d6\u011frencilerin yaz tatilinde e\u011fitimlerine devam etmelerinin \u00f6nemine dikkat \u00e7eken Y\u0131lmaz, \u015funlar\u0131 kaydetti: &#8220;Bug\u00fcn burada g\u00f6rd\u00fc\u011f\u00fcm\u00fcz tablo ger\u00e7ekten \u00e7ok k\u0131ymetli. \u00d6\u011frencilerimizin yaz d\u00f6neminde e\u011fitimlerini s\u00fcrd\u00fcrmeleri, \u00f6\u011fretmenlerimizin de bu s\u00fcrece \u00f6zveriyle katk\u0131 sunmalar\u0131 bizleri son derece memnun ediyor. Bu kurslar sadece akademik ba\u015far\u0131y\u0131 art\u0131rmakla kalm\u0131yor; ayn\u0131 zamanda \u00f6\u011frencilerimizin sosyal y\u00f6nlerini geli\u015ftirmelerine de katk\u0131 sa\u011fl\u0131yor.&#8221;<\/p>\n<p>&#8220;Bu s\u00fcre\u00e7 hepimiz i\u00e7in \u00e7ok k\u0131ymetli&#8221;<br \/>\n<br \/>\u00d6\u011fretmenlerin g\u00f6n\u00fcll\u00fcl\u00fck esas\u0131na g\u00f6re y\u00fcr\u00fctt\u00fc\u011f\u00fc \u00e7al\u0131\u015fmalar\u0131 takdirle kar\u015f\u0131lad\u0131klar\u0131n\u0131 ifade eden Y\u0131lmaz, te\u015fekk\u00fcrlerini \u015fu s\u00f6zlerle dile getirdi: &#8220;G\u00f6n\u00fcll\u00fcl\u00fck esas\u0131yla y\u00fcr\u00fctt\u00fc\u011f\u00fcn\u00fcz bu \u00e7al\u0131\u015fmalarda sizlere ba\u015far\u0131lar diliyor, emekleriniz i\u00e7in te\u015fekk\u00fcr ediyorum. \u00d6\u011frencilerimiz i\u00e7in oldu\u011fu kadar bizler i\u00e7in de \u00e7ok k\u0131ymetli bir d\u00f6nem bu.&#8221;<br \/>\n<br \/>Destekleme ve Yeti\u015ftirme Kurslar\u0131n\u0131n, 1 Temmuz &#8211; 31 A\u011fustos 2025 tarihleri aras\u0131nda devam edece\u011fi belirtildi.<br \/><\/p>\n","protected":false},"excerpt":{"rendered":"<p>K\u00fctahya \u0130l Mill\u00ee E\u011fitim M\u00fcd\u00fcr\u00fc Mustafa Y\u0131lmaz ve \u015eube M\u00fcd\u00fcr\u00fc \u0130rfan Kan\u0131k, 2025 y\u0131l\u0131 yaz d\u00f6neminde a\u00e7\u0131lan Destekleme ve Yeti\u015ftirme Kurslar\u0131n\u0131 (DYK) yerinde incelemek amac\u0131yla Mimar Sinan Ortaokulu\u2019nu ziyaret etti. Ziyaret kapsam\u0131nda s\u0131n\u0131flar\u0131 tek tek gezen \u0130l Mill\u00ee E\u011fitim M\u00fcd\u00fcr\u00fc Y\u0131lmaz, \u00f6\u011fretmenlerden kurs s\u00fcreci hakk\u0131nda bilgi ald\u0131. \u00d6\u011frencilerle de yak\u0131ndan ilgilenen Y\u0131lmaz, ba\u015far\u0131 dileklerinde bulunarak&#8230;<\/p>\n","protected":false},"author":1,"featured_media":39313,"comment_status":"open","ping_status":"open","sticky":false,"template":"","format":"standard","meta":{"_crdt_document":"","footnotes":""},"categories":[1],"tags":[],"class_list":["post-39312","post","type-post","status-publish","format-standard","has-post-thumbnail","hentry","category-guncel"],"_links":{"self":[{"href":"https:\/\/www.egemtv.com\/index.php?rest_route=\/wp\/v2\/posts\/39312","targetHints":{"allow":["GET"]}}],"collection":[{"href":"https:\/\/www.egemtv.com\/index.php?rest_route=\/wp\/v2\/posts"}],"about":[{"href":"https:\/\/www.egemtv.com\/index.php?rest_route=\/wp\/v2\/types\/post"}],"author":[{"embeddable":true,"href":"https:\/\/www.egemtv.com\/index.php?rest_route=\/wp\/v2\/users\/1"}],"replies":[{"embeddable":true,"href":"https:\/\/www.egemtv.com\/index.php?rest_route=%2Fwp%2Fv2%2Fcomments&post=39312"}],"version-history":[{"count":1,"href":"https:\/\/www.egemtv.com\/index.php?rest_route=\/wp\/v2\/posts\/39312\/revisions"}],"predecessor-version":[{"id":39314,"href":"https:\/\/www.egemtv.com\/index.php?rest_route=\/wp\/v2\/posts\/39312\/revisions\/39314"}],"wp:featuredmedia":[{"embeddable":true,"href":"https:\/\/www.egemtv.com\/index.php?rest_route=\/wp\/v2\/media\/39313"}],"wp:attachment":[{"href":"https:\/\/www.egemtv.com\/index.php?rest_route=%2Fwp%2Fv2%2Fmedia&parent=39312"}],"wp:term":[{"taxonomy":"category","embeddable":true,"href":"https:\/\/www.egemtv.com\/index.php?rest_route=%2Fwp%2Fv2%2Fcategories&post=39312"},{"taxonomy":"post_tag","embeddable":true,"href":"https:\/\/www.egemtv.com\/index.php?rest_route=%2Fwp%2Fv2%2Ftags&post=39312"}],"curies":[{"name":"wp","href":"https:\/\/api.w.org\/{rel}","templated":true}]}}