{"id":39309,"date":"2025-07-02T10:35:59","date_gmt":"2025-07-02T07:35:59","guid":{"rendered":"https:\/\/www.egemtv.com\/?p=39309"},"modified":"2025-07-02T10:36:02","modified_gmt":"2025-07-02T07:36:02","slug":"baskan-eyup-kahveciden-hacdan-donen-muhtarlara-ziyaret","status":"publish","type":"post","link":"https:\/\/www.egemtv.com\/?p=39309","title":{"rendered":"Ba\u015fkan Ey\u00fcp Kahveci\u2019den hacdan d\u00f6nen muhtarlara ziyaret"},"content":{"rendered":"<p>K\u00fctahya Belediye Ba\u015fkan\u0131 Ey\u00fcp Kahveci, hac vazifesini tamamlayarak kutsal topraklardan d\u00f6nen mahalle muhtarlar\u0131n\u0131 ziyaret ederek hay\u0131rl\u0131 olsun dileklerini iletti.<br \/>\n<br \/>Ba\u015fkan Kahveci, Bah\u00e7elievler Mahallesi Muhtar\u0131 Ramazan \u00c7atladan ve Yunus Emre Mahallesi Muhtar\u0131 Osman Alt\u0131nta\u015f ile bir araya gelerek tebriklerini iletti. Ziyaret s\u0131ras\u0131nda konu\u015fan Ba\u015fkan Kahveci, &#8220;Hac ibadeti, manevi olarak \u00e7ok k\u0131ymetli ve anlaml\u0131d\u0131r. Bu kutlu g\u00f6revi yerine getiren k\u0131ymetli muhtarlar\u0131m\u0131z\u0131 y\u00fcrekten tebrik ediyorum. Rabbim kabul eylesin&#8221; ifadelerini kulland\u0131.<br \/>\n<br \/>Ziyaretten duyduklar\u0131 memnuniyeti dile getiren muhtarlar ise Ba\u015fkan Kahveci\u2019ye te\u015fekk\u00fcr ederek, bu nazik davran\u0131\u015f\u0131n kendilerini mutlu etti\u011fini belirtti.<br \/>\n<br \/>Ziyaretler, kar\u015f\u0131l\u0131kl\u0131 iyi dilek temennileri ve hat\u0131ra foto\u011fraf\u0131 \u00e7ekimiyle sona erdi.<br \/><\/p>\n","protected":false},"excerpt":{"rendered":"<p>K\u00fctahya Belediye Ba\u015fkan\u0131 Ey\u00fcp Kahveci, hac vazifesini tamamlayarak kutsal topraklardan d\u00f6nen mahalle muhtarlar\u0131n\u0131 ziyaret ederek hay\u0131rl\u0131 olsun dileklerini iletti. Ba\u015fkan Kahveci, Bah\u00e7elievler Mahallesi Muhtar\u0131 Ramazan \u00c7atladan ve Yunus Emre Mahallesi Muhtar\u0131 Osman Alt\u0131nta\u015f ile bir araya gelerek tebriklerini iletti. Ziyaret s\u0131ras\u0131nda konu\u015fan Ba\u015fkan Kahveci, &#8220;Hac ibadeti, manevi olarak \u00e7ok k\u0131ymetli ve anlaml\u0131d\u0131r. Bu kutlu g\u00f6revi&#8230;<\/p>\n","protected":false},"author":1,"featured_media":39310,"comment_status":"open","ping_status":"open","sticky":false,"template":"","format":"standard","meta":{"_crdt_document":"","footnotes":""},"categories":[123],"tags":[],"class_list":["post-39309","post","type-post","status-publish","format-standard","has-post-thumbnail","hentry","category-gundem"],"_links":{"self":[{"href":"https:\/\/www.egemtv.com\/index.php?rest_route=\/wp\/v2\/posts\/39309","targetHints":{"allow":["GET"]}}],"collection":[{"href":"https:\/\/www.egemtv.com\/index.php?rest_route=\/wp\/v2\/posts"}],"about":[{"href":"https:\/\/www.egemtv.com\/index.php?rest_route=\/wp\/v2\/types\/post"}],"author":[{"embeddable":true,"href":"https:\/\/www.egemtv.com\/index.php?rest_route=\/wp\/v2\/users\/1"}],"replies":[{"embeddable":true,"href":"https:\/\/www.egemtv.com\/index.php?rest_route=%2Fwp%2Fv2%2Fcomments&post=39309"}],"version-history":[{"count":1,"href":"https:\/\/www.egemtv.com\/index.php?rest_route=\/wp\/v2\/posts\/39309\/revisions"}],"predecessor-version":[{"id":39311,"href":"https:\/\/www.egemtv.com\/index.php?rest_route=\/wp\/v2\/posts\/39309\/revisions\/39311"}],"wp:featuredmedia":[{"embeddable":true,"href":"https:\/\/www.egemtv.com\/index.php?rest_route=\/wp\/v2\/media\/39310"}],"wp:attachment":[{"href":"https:\/\/www.egemtv.com\/index.php?rest_route=%2Fwp%2Fv2%2Fmedia&parent=39309"}],"wp:term":[{"taxonomy":"category","embeddable":true,"href":"https:\/\/www.egemtv.com\/index.php?rest_route=%2Fwp%2Fv2%2Fcategories&post=39309"},{"taxonomy":"post_tag","embeddable":true,"href":"https:\/\/www.egemtv.com\/index.php?rest_route=%2Fwp%2Fv2%2Ftags&post=39309"}],"curies":[{"name":"wp","href":"https:\/\/api.w.org\/{rel}","templated":true}]}}