{"id":39306,"date":"2025-07-02T10:35:54","date_gmt":"2025-07-02T07:35:54","guid":{"rendered":"https:\/\/www.egemtv.com\/?p=39306"},"modified":"2025-07-02T10:35:58","modified_gmt":"2025-07-02T07:35:58","slug":"hisarcikta-baraj-ve-goletlere-89-bin-aynali-sazan-yavrusu-birakildi","status":"publish","type":"post","link":"https:\/\/www.egemtv.com\/?p=39306","title":{"rendered":"Hisarc\u0131k\u2019ta baraj ve g\u00f6letlere 89 bin aynal\u0131 sazan yavrusu b\u0131rak\u0131ld\u0131"},"content":{"rendered":"<p>K\u00fctahya\u2019n\u0131n Hisarc\u0131k il\u00e7esinde Tar\u0131m ve Orman Bakanl\u0131\u011f\u0131n\u0131n Su Kaynaklar\u0131n\u0131n Bal\u0131kland\u0131r\u0131lmas\u0131 projesi \u00e7er\u00e7evesinde baraj ve g\u00f6letlere 89 bin aynal\u0131 sazan yavrusu b\u0131rak\u0131ld\u0131\u011f\u0131 bildirildi.<br \/>\n<br \/>Do\u011fal su kaynaklar\u0131n\u0131n korunmas\u0131 ve s\u00fcrd\u00fcr\u00fclebilir bal\u0131k\u00e7\u0131l\u0131\u011f\u0131n desteklenmesi amac\u0131yla Kaymakam Muhammet Samet Bahar, Belediye Ba\u015fkan\u0131 Mustafa Demirta\u015f, \u0130l\u00e7e Tar\u0131m ve Orman M\u00fcd\u00fcr\u00fc Cihan \u015een, personel ile Hasanlar K\u00f6y\u00fc Muhtar\u0131 Osman Ka\u00e7ar\u2019\u0131n kat\u0131l\u0131m\u0131yla Hisarc\u0131k Hasanlar Baraj\u0131na 60 bin, G\u00fcld\u00fcren Baraj\u0131na 20 bin ve Karbasan G\u00f6letine 9 bin adet aynal\u0131 sazan yavrusu b\u0131rak\u0131ld\u0131.<br \/><\/p>\n","protected":false},"excerpt":{"rendered":"<p>K\u00fctahya\u2019n\u0131n Hisarc\u0131k il\u00e7esinde Tar\u0131m ve Orman Bakanl\u0131\u011f\u0131n\u0131n Su Kaynaklar\u0131n\u0131n Bal\u0131kland\u0131r\u0131lmas\u0131 projesi \u00e7er\u00e7evesinde baraj ve g\u00f6letlere 89 bin aynal\u0131 sazan yavrusu b\u0131rak\u0131ld\u0131\u011f\u0131 bildirildi. Do\u011fal su kaynaklar\u0131n\u0131n korunmas\u0131 ve s\u00fcrd\u00fcr\u00fclebilir bal\u0131k\u00e7\u0131l\u0131\u011f\u0131n desteklenmesi amac\u0131yla Kaymakam Muhammet Samet Bahar, Belediye Ba\u015fkan\u0131 Mustafa Demirta\u015f, \u0130l\u00e7e Tar\u0131m ve Orman M\u00fcd\u00fcr\u00fc Cihan \u015een, personel ile Hasanlar K\u00f6y\u00fc Muhtar\u0131 Osman Ka\u00e7ar\u2019\u0131n kat\u0131l\u0131m\u0131yla Hisarc\u0131k&#8230;<\/p>\n","protected":false},"author":1,"featured_media":39307,"comment_status":"open","ping_status":"open","sticky":false,"template":"","format":"standard","meta":{"_crdt_document":"","footnotes":""},"categories":[1],"tags":[],"class_list":["post-39306","post","type-post","status-publish","format-standard","has-post-thumbnail","hentry","category-guncel"],"_links":{"self":[{"href":"https:\/\/www.egemtv.com\/index.php?rest_route=\/wp\/v2\/posts\/39306","targetHints":{"allow":["GET"]}}],"collection":[{"href":"https:\/\/www.egemtv.com\/index.php?rest_route=\/wp\/v2\/posts"}],"about":[{"href":"https:\/\/www.egemtv.com\/index.php?rest_route=\/wp\/v2\/types\/post"}],"author":[{"embeddable":true,"href":"https:\/\/www.egemtv.com\/index.php?rest_route=\/wp\/v2\/users\/1"}],"replies":[{"embeddable":true,"href":"https:\/\/www.egemtv.com\/index.php?rest_route=%2Fwp%2Fv2%2Fcomments&post=39306"}],"version-history":[{"count":1,"href":"https:\/\/www.egemtv.com\/index.php?rest_route=\/wp\/v2\/posts\/39306\/revisions"}],"predecessor-version":[{"id":39308,"href":"https:\/\/www.egemtv.com\/index.php?rest_route=\/wp\/v2\/posts\/39306\/revisions\/39308"}],"wp:featuredmedia":[{"embeddable":true,"href":"https:\/\/www.egemtv.com\/index.php?rest_route=\/wp\/v2\/media\/39307"}],"wp:attachment":[{"href":"https:\/\/www.egemtv.com\/index.php?rest_route=%2Fwp%2Fv2%2Fmedia&parent=39306"}],"wp:term":[{"taxonomy":"category","embeddable":true,"href":"https:\/\/www.egemtv.com\/index.php?rest_route=%2Fwp%2Fv2%2Fcategories&post=39306"},{"taxonomy":"post_tag","embeddable":true,"href":"https:\/\/www.egemtv.com\/index.php?rest_route=%2Fwp%2Fv2%2Ftags&post=39306"}],"curies":[{"name":"wp","href":"https:\/\/api.w.org\/{rel}","templated":true}]}}