{"id":39303,"date":"2025-07-02T10:35:49","date_gmt":"2025-07-02T07:35:49","guid":{"rendered":"https:\/\/www.egemtv.com\/?p=39303"},"modified":"2025-07-02T10:35:54","modified_gmt":"2025-07-02T07:35:54","slug":"kisa-boy-takintisindan-denizli-tekdende-kurtuldu","status":"publish","type":"post","link":"https:\/\/www.egemtv.com\/?p=39303","title":{"rendered":"K\u0131sa boy tak\u0131nt\u0131s\u0131ndan Denizli Tekden\u2019de kurtuldu"},"content":{"rendered":"<p>Denizli\u2019de k\u0131sa boyundan kaynakl\u0131 fiziksel ve bedensel rahats\u0131zl\u0131klar ya\u015fayan hasta, \u00e7areyi Denizli \u00d6zel Tekden Hastanesi\u2019nde buldu. 1.58\u2019lik boyunun uzat\u0131lmas\u0131 i\u00e7in ba\u015far\u0131l\u0131 bir operasyon ge\u00e7iren hasta, tedavisinin tamamlanmas\u0131n\u0131n ard\u0131ndan 10 santimetre daha uzun bir boya sahip olacak.<\/p>\n<p>Denizli\u2019de ya\u015fayan 39 ya\u015f\u0131ndaki M.G., boyunun 1.58 olmas\u0131ndan kaynakl\u0131 fiziksel ve bedensel sorunlar\u0131n ya\u015fad\u0131\u011f\u0131n\u0131, daha uzun bir g\u00f6r\u00fcn\u00fcme kavu\u015fmak ve ya\u015fam kalitesini art\u0131rmak amac\u0131yla Denizli \u00d6zel Tekden Hastanesi\u2019ne ba\u015fvurdu. Hasta uzun y\u0131llard\u0131r boyunun k\u0131sal\u0131\u011f\u0131n\u0131n gerek g\u00fcnl\u00fck ya\u015famda gerekse sosyal \u00e7evresinde \u00e7e\u015fitli zorluklara yol a\u00e7t\u0131\u011f\u0131n\u0131 dile getirdi. Ayn\u0131 zamanda duru\u015f bozuklu\u011fu ve baz\u0131 fiziksel rahats\u0131zl\u0131klar nedeniyle uzman bir hekime dan\u0131\u015fma karar\u0131 alan M.G., hastanenin Ortopedi ve Travmatoloji b\u00f6l\u00fcm\u00fcnde g\u00f6rev yapan iki uzman doktora ba\u015fvurdu. Ortopedi ve Travmatoloji Uzman\u0131 Prof. Dr. Mahmut Arg\u00fcn ve Op. Dr. Necip \u00d6zate\u015f taraf\u0131ndan detayl\u0131 \u015fekilde muayene edildi. Doktorlar taraf\u0131ndan yap\u0131lan de\u011ferlendirmeler sonucu, hastan\u0131n ortalama 10 santimetre daha uzamas\u0131n\u0131n m\u00fcmk\u00fcn oldu\u011fu belirtildi.<\/p>\n<p>&#8220;Ameliyat ve uzama i\u015flemleri me\u015fakkatli ve \u00f6zen isteyen s\u00fcre\u00e7tir&#8221;<br \/>\n<br \/>Ameliyat a\u015famas\u0131n\u0131n ard\u0131ndan ger\u00e7ekle\u015fen s\u00fcreci tek tek dile getiren Ortopedi ve Travmatoloji Uzman\u0131 Prof. Dr. Mahmut Arg\u00fcn, &#8220;Hastam\u0131z 1.58 boyunda olmas\u0131 nedeniyle s\u00fcrekli boyunun k\u0131sal\u0131\u011f\u0131ndan dolay\u0131 hem fiziksel hem de bedensel rahats\u0131zl\u0131klar\u0131n oldu\u011funu dile getirdi. Israrla boyunun uzat\u0131lmas\u0131n\u0131 bizden talep eden hasta 2 a\u015famal\u0131 olunmas\u0131 gereken muayeneyi 1 a\u015famal\u0131 olmas\u0131n\u0131 istedi. Sol taraf\u0131ndan ba\u015flayarak hem femur hem de tibia 5 ila 6 santimetre aras\u0131nda uzatmay\u0131 planlad\u0131k. Hastam\u0131z\u0131 ameliyata al\u0131p bu i\u015flemleri ger\u00e7ekle\u015ftirdik. Hasta \u015fuanda uzatma i\u015flemlerinin yap\u0131labilmesi i\u00e7in malzeme yerle\u015ftirme a\u015famas\u0131n\u0131 ger\u00e7ekle\u015ftirdik. Ameliyattan 10 g\u00fcn sonra uzatma i\u015flemlerini ba\u015flayaca\u011f\u0131z. Uzatma i\u015flemleri yakla\u015f\u0131k 60 g\u00fcn s\u00fcrecek. Uzatma i\u015flem s\u00fcreci ge\u00e7tikten sonra i\u015flemi durdurup kaynamas\u0131 i\u00e7in 2-3 ay bekleyece\u011fiz. Ard\u0131ndan ise hastan\u0131n \u00fczerinden malzemeleri yakla\u015f\u0131k 150-200 g\u00fcn aras\u0131nda \u00e7\u0131karaca\u011f\u0131z. Bu tarz i\u015flemler me\u015fakkatli ve \u00f6zen isteyen ameliyatlar&#8221; diye konu\u015ftu.<\/p>\n<p>Uzama s\u00fcrecinde her g\u00fcn 1 milimetre olmak \u00fczere kurulan mekanizman\u0131n ba\u015flad\u0131\u011f\u0131n\u0131 dile getiren Ortopedi ve Travmatoloji Uzman\u0131 Op. Dr. Necip \u00d6zate\u015f, &#8220;Her g\u00fcn 1 milimetre olmak \u00fczere, \u00fczerindeki mekanizma \u00fczerinden hem uyruk kemi\u011fi hem kaval kemi\u011fi uzat\u0131lmaya ba\u015fl\u0131yor. Hem bu \u015fekilde kemik uzamas\u0131 hem de bu esnada kemik kaynamas\u0131 ayn\u0131 anda oldu\u011fu i\u00e7in daha kontroll\u00fc bir i\u015flem oluyor. Hedef uzunlu\u011fa ula\u015ft\u0131\u011f\u0131m\u0131zda uzatma i\u015flemini sonland\u0131r\u0131yoruz. Sonras\u0131nda da kemi\u011fin kaynamas\u0131 s\u00fcrecine ge\u00e7iyoruz&#8221; dedi.<\/p>\n<p>&#8220;S\u00fcre\u00e7lerin sonunda gayet iyi sonu\u00e7lar elde ediyoruz&#8221;<br \/>\n<br \/>\u0130lk 4 hafta \u00fczerine bast\u0131rmad\u0131klar\u0131n\u0131 ard\u0131ndan ise kontroll\u00fc bir \u015fekilde s\u00fcrecin ilerledi\u011fini belirten Op. Dr. Necip \u00d6zate\u015f, &#8220;\u0130lk etapta ameliyat\u0131n erken d\u00f6nemlerinde ilk 4 haftaya kadar \u00fczerine bast\u0131rm\u0131yoruz. Ondan sonraki g\u00fcnlerde yava\u015f yava\u015f hasta koltuk de\u011fnekleri yard\u0131m\u0131 ile destek alarak \u00fczerine basmaya ve g\u00fcnl\u00fck ya\u015fant\u0131s\u0131na daha rahat devam etmeye ba\u015fl\u0131yor. Yap\u0131lan ameliyat bir vatanda\u015f\u0131n g\u00fcnl\u00fck hayat\u0131na etkileyen bir \u015fey de\u011fil.  Bu s\u00fcre\u00e7 hastan\u0131n da bilgisi dahilinde \u00f6zen ve biraz daha sab\u0131r gerektiren bir s\u00fcre\u00e7. Bu konuda hastayla fikirde var\u0131ld\u0131\u011f\u0131 zaman gayet iyi sonu\u00e7lar elde ediyoruz&#8221; ifadelerini kulland\u0131.<br \/><\/p>\n","protected":false},"excerpt":{"rendered":"<p>Denizli\u2019de k\u0131sa boyundan kaynakl\u0131 fiziksel ve bedensel rahats\u0131zl\u0131klar ya\u015fayan hasta, \u00e7areyi Denizli \u00d6zel Tekden Hastanesi\u2019nde buldu. 1.58\u2019lik boyunun uzat\u0131lmas\u0131 i\u00e7in ba\u015far\u0131l\u0131 bir operasyon ge\u00e7iren hasta, tedavisinin tamamlanmas\u0131n\u0131n ard\u0131ndan 10 santimetre daha uzun bir boya sahip olacak. Denizli\u2019de ya\u015fayan 39 ya\u015f\u0131ndaki M.G., boyunun 1.58 olmas\u0131ndan kaynakl\u0131 fiziksel ve bedensel sorunlar\u0131n ya\u015fad\u0131\u011f\u0131n\u0131, daha uzun bir g\u00f6r\u00fcn\u00fcme kavu\u015fmak&#8230;<\/p>\n","protected":false},"author":1,"featured_media":39304,"comment_status":"open","ping_status":"open","sticky":false,"template":"","format":"standard","meta":{"_crdt_document":"","footnotes":""},"categories":[2],"tags":[],"class_list":["post-39303","post","type-post","status-publish","format-standard","has-post-thumbnail","hentry","category-saglik"],"_links":{"self":[{"href":"https:\/\/www.egemtv.com\/index.php?rest_route=\/wp\/v2\/posts\/39303","targetHints":{"allow":["GET"]}}],"collection":[{"href":"https:\/\/www.egemtv.com\/index.php?rest_route=\/wp\/v2\/posts"}],"about":[{"href":"https:\/\/www.egemtv.com\/index.php?rest_route=\/wp\/v2\/types\/post"}],"author":[{"embeddable":true,"href":"https:\/\/www.egemtv.com\/index.php?rest_route=\/wp\/v2\/users\/1"}],"replies":[{"embeddable":true,"href":"https:\/\/www.egemtv.com\/index.php?rest_route=%2Fwp%2Fv2%2Fcomments&post=39303"}],"version-history":[{"count":1,"href":"https:\/\/www.egemtv.com\/index.php?rest_route=\/wp\/v2\/posts\/39303\/revisions"}],"predecessor-version":[{"id":39305,"href":"https:\/\/www.egemtv.com\/index.php?rest_route=\/wp\/v2\/posts\/39303\/revisions\/39305"}],"wp:featuredmedia":[{"embeddable":true,"href":"https:\/\/www.egemtv.com\/index.php?rest_route=\/wp\/v2\/media\/39304"}],"wp:attachment":[{"href":"https:\/\/www.egemtv.com\/index.php?rest_route=%2Fwp%2Fv2%2Fmedia&parent=39303"}],"wp:term":[{"taxonomy":"category","embeddable":true,"href":"https:\/\/www.egemtv.com\/index.php?rest_route=%2Fwp%2Fv2%2Fcategories&post=39303"},{"taxonomy":"post_tag","embeddable":true,"href":"https:\/\/www.egemtv.com\/index.php?rest_route=%2Fwp%2Fv2%2Ftags&post=39303"}],"curies":[{"name":"wp","href":"https:\/\/api.w.org\/{rel}","templated":true}]}}