{"id":39300,"date":"2025-07-02T10:35:44","date_gmt":"2025-07-02T07:35:44","guid":{"rendered":"https:\/\/www.egemtv.com\/?p=39300"},"modified":"2025-07-02T10:35:49","modified_gmt":"2025-07-02T07:35:49","slug":"tavsanlida-8-golete-binlerce-yavru-sazan-birakildi","status":"publish","type":"post","link":"https:\/\/www.egemtv.com\/?p=39300","title":{"rendered":"Tav\u015fanl\u0131\u2019da 8 g\u00f6lete binlerce yavru sazan b\u0131rak\u0131ld\u0131"},"content":{"rendered":"<p>K\u00fctahya\u2019n\u0131n Tav\u015fanl\u0131 il\u00e7esinde, Tar\u0131m ve Orman Bakanl\u0131\u011f\u0131\u2019n\u0131n &#8220;Su Kaynaklar\u0131n\u0131n Bal\u0131kland\u0131r\u0131lmas\u0131 Projesi&#8221; kapsam\u0131nda 8 farkl\u0131 g\u00f6lete binlerce yavru sazan bal\u0131\u011f\u0131 b\u0131rak\u0131ld\u0131.<br \/>\n<br \/>Ger\u00e7ekle\u015ftirilen \u00e7al\u0131\u015fma ile hem do\u011fal su kaynaklar\u0131n\u0131n korunmas\u0131 hem de s\u00fcrd\u00fcr\u00fclebilir bal\u0131k\u00e7\u0131l\u0131\u011f\u0131n desteklenmesi hedefleniyor. Bal\u0131kland\u0131rma \u00e7al\u0131\u015fmalar\u0131; K\u0131\u015flademirli, Do\u011fanlar, Ulu\u00e7am, Kay\u0131, \u015eenlik, G\u00fcm\u00fc\u015fg\u00f6lc\u00fck, Karacaka\u015f ve Kozluca k\u00f6ylerindeki g\u00f6letlerde ger\u00e7ekle\u015ftirildi. D\u00fczenlenen t\u00f6rene Tav\u015fanl\u0131 \u0130l\u00e7e Tar\u0131m ve Orman M\u00fcd\u00fcr\u00fc Mustafa G\u00f6k\u00e7e, \u0130l\u00e7e \u00d6zel \u0130dare M\u00fcd\u00fcr\u00fc Ali Ert\u00fcrk, \u0130l Genel Meclis \u00dcyesi Ahmet Y\u00fcksel ile k\u00f6y muhtarlar\u0131 kat\u0131ld\u0131.<br \/>\n<br \/>T\u00f6rende yap\u0131lan a\u00e7\u0131klamada, projenin \u00e7evresel s\u00fcrd\u00fcr\u00fclebilirlik a\u00e7\u0131s\u0131ndan \u00f6nemine dikkat \u00e7ekilerek, &#8220;Bu \u00e7al\u0131\u015fma, do\u011fal kaynaklar\u0131n korunmas\u0131 ve bal\u0131k pop\u00fclasyonunun art\u0131r\u0131lmas\u0131 ad\u0131na at\u0131lm\u0131\u015f \u00f6nemli bir ad\u0131md\u0131r. Katk\u0131 sunan t\u00fcm payda\u015flara te\u015fekk\u00fcr ederiz&#8221; denildi.<br \/><\/p>\n","protected":false},"excerpt":{"rendered":"<p>K\u00fctahya\u2019n\u0131n Tav\u015fanl\u0131 il\u00e7esinde, Tar\u0131m ve Orman Bakanl\u0131\u011f\u0131\u2019n\u0131n &#8220;Su Kaynaklar\u0131n\u0131n Bal\u0131kland\u0131r\u0131lmas\u0131 Projesi&#8221; kapsam\u0131nda 8 farkl\u0131 g\u00f6lete binlerce yavru sazan bal\u0131\u011f\u0131 b\u0131rak\u0131ld\u0131. Ger\u00e7ekle\u015ftirilen \u00e7al\u0131\u015fma ile hem do\u011fal su kaynaklar\u0131n\u0131n korunmas\u0131 hem de s\u00fcrd\u00fcr\u00fclebilir bal\u0131k\u00e7\u0131l\u0131\u011f\u0131n desteklenmesi hedefleniyor. Bal\u0131kland\u0131rma \u00e7al\u0131\u015fmalar\u0131; K\u0131\u015flademirli, Do\u011fanlar, Ulu\u00e7am, Kay\u0131, \u015eenlik, G\u00fcm\u00fc\u015fg\u00f6lc\u00fck, Karacaka\u015f ve Kozluca k\u00f6ylerindeki g\u00f6letlerde ger\u00e7ekle\u015ftirildi. D\u00fczenlenen t\u00f6rene Tav\u015fanl\u0131 \u0130l\u00e7e Tar\u0131m ve Orman&#8230;<\/p>\n","protected":false},"author":1,"featured_media":39301,"comment_status":"open","ping_status":"open","sticky":false,"template":"","format":"standard","meta":{"_crdt_document":"","footnotes":""},"categories":[1],"tags":[],"class_list":["post-39300","post","type-post","status-publish","format-standard","has-post-thumbnail","hentry","category-guncel"],"_links":{"self":[{"href":"https:\/\/www.egemtv.com\/index.php?rest_route=\/wp\/v2\/posts\/39300","targetHints":{"allow":["GET"]}}],"collection":[{"href":"https:\/\/www.egemtv.com\/index.php?rest_route=\/wp\/v2\/posts"}],"about":[{"href":"https:\/\/www.egemtv.com\/index.php?rest_route=\/wp\/v2\/types\/post"}],"author":[{"embeddable":true,"href":"https:\/\/www.egemtv.com\/index.php?rest_route=\/wp\/v2\/users\/1"}],"replies":[{"embeddable":true,"href":"https:\/\/www.egemtv.com\/index.php?rest_route=%2Fwp%2Fv2%2Fcomments&post=39300"}],"version-history":[{"count":1,"href":"https:\/\/www.egemtv.com\/index.php?rest_route=\/wp\/v2\/posts\/39300\/revisions"}],"predecessor-version":[{"id":39302,"href":"https:\/\/www.egemtv.com\/index.php?rest_route=\/wp\/v2\/posts\/39300\/revisions\/39302"}],"wp:featuredmedia":[{"embeddable":true,"href":"https:\/\/www.egemtv.com\/index.php?rest_route=\/wp\/v2\/media\/39301"}],"wp:attachment":[{"href":"https:\/\/www.egemtv.com\/index.php?rest_route=%2Fwp%2Fv2%2Fmedia&parent=39300"}],"wp:term":[{"taxonomy":"category","embeddable":true,"href":"https:\/\/www.egemtv.com\/index.php?rest_route=%2Fwp%2Fv2%2Fcategories&post=39300"},{"taxonomy":"post_tag","embeddable":true,"href":"https:\/\/www.egemtv.com\/index.php?rest_route=%2Fwp%2Fv2%2Ftags&post=39300"}],"curies":[{"name":"wp","href":"https:\/\/api.w.org\/{rel}","templated":true}]}}