{"id":39297,"date":"2025-07-02T10:35:39","date_gmt":"2025-07-02T07:35:39","guid":{"rendered":"https:\/\/www.egemtv.com\/?p=39297"},"modified":"2025-07-02T10:35:44","modified_gmt":"2025-07-02T07:35:44","slug":"aracta-cikan-yangin-ormana-sicradi","status":"publish","type":"post","link":"https:\/\/www.egemtv.com\/?p=39297","title":{"rendered":"Ara\u00e7ta \u00e7\u0131kan yang\u0131n ormana s\u0131\u00e7rad\u0131"},"content":{"rendered":"<p>Mu\u011fla\u2019n\u0131n Milas il\u00e7esinde seyir halindeki bir otomobilde \u00e7\u0131kan yang\u0131n ormanl\u0131k alana s\u0131\u00e7rarken, alevler ekiplerin h\u0131zl\u0131 m\u00fcdahalesi ile b\u00fcy\u00fcmeden kontrol alt\u0131na al\u0131nd\u0131.<br \/>\n<br \/>Olay, K\u0131y\u0131k\u0131\u015flac\u0131k yolunda sabah saatlerinde meydana geldi. Edinilen bilgiye g\u00f6re, seyir halindeki bir otomobilde hen\u00fcz bilinmeyen bir nedenle yang\u0131n \u00e7\u0131kt\u0131. Otomobilden y\u00fckselen dumanlar\u0131 fark eden s\u00fcr\u00fcc\u00fc h\u0131zla ara\u00e7tan inerek durumu 112 Acil \u00c7a\u011fr\u0131 Merkezi\u2019ne bildirdi. \u0130hbar \u00fczerine b\u00f6lgeye Mu\u011fla B\u00fcy\u00fck\u015fehir Belediyesi \u0130tfaiye Daire Ba\u015fkanl\u0131\u011f\u0131 ve Mu\u011fla Orman B\u00f6lge M\u00fcd\u00fcrl\u00fc\u011f\u00fc ekipleri sevk edildi. Otomobildeki yang\u0131n b\u00fcy\u00fcyerek ormanl\u0131k alana s\u0131\u00e7rarken, olay yerine gelen ekipler yang\u0131na m\u00fcdahale etti. Ekiplerin h\u0131zl\u0131 m\u00fcdahalesi sonucu yang\u0131n b\u00fcy\u00fcmeden s\u00f6nd\u00fcr\u00fcld\u00fc.<br \/>\n<br \/>Olayla ilgili soru\u015fturma s\u00fcr\u00fcyor.<br \/><\/p>\n","protected":false},"excerpt":{"rendered":"<p>Mu\u011fla\u2019n\u0131n Milas il\u00e7esinde seyir halindeki bir otomobilde \u00e7\u0131kan yang\u0131n ormanl\u0131k alana s\u0131\u00e7rarken, alevler ekiplerin h\u0131zl\u0131 m\u00fcdahalesi ile b\u00fcy\u00fcmeden kontrol alt\u0131na al\u0131nd\u0131. Olay, K\u0131y\u0131k\u0131\u015flac\u0131k yolunda sabah saatlerinde meydana geldi. Edinilen bilgiye g\u00f6re, seyir halindeki bir otomobilde hen\u00fcz bilinmeyen bir nedenle yang\u0131n \u00e7\u0131kt\u0131. Otomobilden y\u00fckselen dumanlar\u0131 fark eden s\u00fcr\u00fcc\u00fc h\u0131zla ara\u00e7tan inerek durumu 112 Acil \u00c7a\u011fr\u0131 Merkezi\u2019ne&#8230;<\/p>\n","protected":false},"author":1,"featured_media":39298,"comment_status":"open","ping_status":"open","sticky":false,"template":"","format":"standard","meta":{"_crdt_document":"","footnotes":""},"categories":[1],"tags":[],"class_list":["post-39297","post","type-post","status-publish","format-standard","has-post-thumbnail","hentry","category-guncel"],"_links":{"self":[{"href":"https:\/\/www.egemtv.com\/index.php?rest_route=\/wp\/v2\/posts\/39297","targetHints":{"allow":["GET"]}}],"collection":[{"href":"https:\/\/www.egemtv.com\/index.php?rest_route=\/wp\/v2\/posts"}],"about":[{"href":"https:\/\/www.egemtv.com\/index.php?rest_route=\/wp\/v2\/types\/post"}],"author":[{"embeddable":true,"href":"https:\/\/www.egemtv.com\/index.php?rest_route=\/wp\/v2\/users\/1"}],"replies":[{"embeddable":true,"href":"https:\/\/www.egemtv.com\/index.php?rest_route=%2Fwp%2Fv2%2Fcomments&post=39297"}],"version-history":[{"count":1,"href":"https:\/\/www.egemtv.com\/index.php?rest_route=\/wp\/v2\/posts\/39297\/revisions"}],"predecessor-version":[{"id":39299,"href":"https:\/\/www.egemtv.com\/index.php?rest_route=\/wp\/v2\/posts\/39297\/revisions\/39299"}],"wp:featuredmedia":[{"embeddable":true,"href":"https:\/\/www.egemtv.com\/index.php?rest_route=\/wp\/v2\/media\/39298"}],"wp:attachment":[{"href":"https:\/\/www.egemtv.com\/index.php?rest_route=%2Fwp%2Fv2%2Fmedia&parent=39297"}],"wp:term":[{"taxonomy":"category","embeddable":true,"href":"https:\/\/www.egemtv.com\/index.php?rest_route=%2Fwp%2Fv2%2Fcategories&post=39297"},{"taxonomy":"post_tag","embeddable":true,"href":"https:\/\/www.egemtv.com\/index.php?rest_route=%2Fwp%2Fv2%2Ftags&post=39297"}],"curies":[{"name":"wp","href":"https:\/\/api.w.org\/{rel}","templated":true}]}}