{"id":39294,"date":"2025-07-02T10:15:26","date_gmt":"2025-07-02T07:15:26","guid":{"rendered":"https:\/\/www.egemtv.com\/?p=39294"},"modified":"2025-07-02T10:15:30","modified_gmt":"2025-07-02T07:15:30","slug":"manisadan-ihracatta-buyuk-basari-38-firma-ilk-1000-listesinde","status":"publish","type":"post","link":"https:\/\/www.egemtv.com\/?p=39294","title":{"rendered":"Manisa\u2019dan ihracatta b\u00fcy\u00fck ba\u015far\u0131: 38 firma ilk 1000 listesinde"},"content":{"rendered":"<p>T\u00fcrkiye \u0130hracat\u00e7\u0131lar Meclisi (T\u0130M) taraf\u0131ndan a\u00e7\u0131klanan 2024 y\u0131l\u0131 verilerine g\u00f6re &#8220;T\u00fcrkiye\u2019nin \u0130lk 1000 \u0130hracat\u00e7\u0131 Firmas\u0131&#8221; listesine bu y\u0131l Manisa\u2019dan 38 firma girerek rekor k\u0131rd\u0131. \u015eehrin ihracat\u0131na katk\u0131 sunan t\u00fcm firmalar\u0131 tebrik eden Manisa Ticaret ve Sanayi Odas\u0131 Ba\u015fkan\u0131 Mehmet Y\u0131lmaz, &#8220;Manisa, \u00fcretimin ve ihracat\u0131n parlayan y\u0131ld\u0131z\u0131 olmaya devam ediyor&#8221; dedi.<br \/>\n<br \/>T\u00fcrkiye \u0130hracat\u00e7\u0131lar Meclisi (T\u0130M) taraf\u0131ndan 2024 y\u0131l\u0131 ihracat verileri a\u00e7\u0131kland\u0131. Bu y\u0131l T\u00fcrkiye\u2019nin &#8220;\u0130lk 1000 \u0130hracat\u00e7\u0131 Firmas\u0131&#8221; listesine Manisa\u2019dan 38 firma ad\u0131n\u0131 yazd\u0131rma ba\u015far\u0131s\u0131 g\u00f6sterdi. Ge\u00e7ti\u011fimiz y\u0131l listede 35 Manisal\u0131 firma yer al\u0131rken, bu y\u0131lki \u00fc\u00e7 firma art\u0131\u015f\u0131, \u015fehrin d\u0131\u015f ticaret hacmindeki istikrarl\u0131 y\u00fckseli\u015fi ortaya koydu. \u00d6zellikle sanayi, tar\u0131m ve elektronik sekt\u00f6rlerinde faaliyet g\u00f6steren firmalar\u0131n listede yo\u011funlukta olmas\u0131 dikkat \u00e7ekti. Manisa Ticaret ve Sanayi Odas\u0131 Ba\u015fkan\u0131 Mehmet Y\u0131lmaz, \u015fehrin ihracat\u0131na katk\u0131 sunan t\u00fcm firmalar\u0131 tebrik ederek, &#8220;Manisa, \u00fcretimin ve ihracat\u0131n parlayan y\u0131ld\u0131z\u0131 olmaya devam ediyor&#8221; dedi.<br \/>\n<br \/>T\u0130M\u2019in verileri, Manisa\u2019n\u0131n d\u0131\u015f pazarlardaki etkinli\u011finin y\u0131ldan y\u0131la artt\u0131\u011f\u0131n\u0131 g\u00f6steriyor. \u00d6zellikle ye\u015fil enerji, elektronik \u00fcretim, tar\u0131m teknolojileri ve otomotiv yan sanayi gibi stratejik sekt\u00f6rlerde Manisal\u0131 firmalar\u0131n yeni yat\u0131r\u0131mlar\u0131 ve Ar-Ge \u00e7al\u0131\u015fmalar\u0131 sayesinde ihracat performanslar\u0131n\u0131n \u00f6n\u00fcm\u00fczdeki y\u0131llarda daha da artmas\u0131 bekleniyor.<br \/><\/p>\n","protected":false},"excerpt":{"rendered":"<p>T\u00fcrkiye \u0130hracat\u00e7\u0131lar Meclisi (T\u0130M) taraf\u0131ndan a\u00e7\u0131klanan 2024 y\u0131l\u0131 verilerine g\u00f6re &#8220;T\u00fcrkiye\u2019nin \u0130lk 1000 \u0130hracat\u00e7\u0131 Firmas\u0131&#8221; listesine bu y\u0131l Manisa\u2019dan 38 firma girerek rekor k\u0131rd\u0131. \u015eehrin ihracat\u0131na katk\u0131 sunan t\u00fcm firmalar\u0131 tebrik eden Manisa Ticaret ve Sanayi Odas\u0131 Ba\u015fkan\u0131 Mehmet Y\u0131lmaz, &#8220;Manisa, \u00fcretimin ve ihracat\u0131n parlayan y\u0131ld\u0131z\u0131 olmaya devam ediyor&#8221; dedi. T\u00fcrkiye \u0130hracat\u00e7\u0131lar Meclisi (T\u0130M) taraf\u0131ndan&#8230;<\/p>\n","protected":false},"author":1,"featured_media":39295,"comment_status":"open","ping_status":"open","sticky":false,"template":"","format":"standard","meta":{"_crdt_document":"","footnotes":""},"categories":[125],"tags":[],"class_list":["post-39294","post","type-post","status-publish","format-standard","has-post-thumbnail","hentry","category-ekonomi"],"_links":{"self":[{"href":"https:\/\/www.egemtv.com\/index.php?rest_route=\/wp\/v2\/posts\/39294","targetHints":{"allow":["GET"]}}],"collection":[{"href":"https:\/\/www.egemtv.com\/index.php?rest_route=\/wp\/v2\/posts"}],"about":[{"href":"https:\/\/www.egemtv.com\/index.php?rest_route=\/wp\/v2\/types\/post"}],"author":[{"embeddable":true,"href":"https:\/\/www.egemtv.com\/index.php?rest_route=\/wp\/v2\/users\/1"}],"replies":[{"embeddable":true,"href":"https:\/\/www.egemtv.com\/index.php?rest_route=%2Fwp%2Fv2%2Fcomments&post=39294"}],"version-history":[{"count":1,"href":"https:\/\/www.egemtv.com\/index.php?rest_route=\/wp\/v2\/posts\/39294\/revisions"}],"predecessor-version":[{"id":39296,"href":"https:\/\/www.egemtv.com\/index.php?rest_route=\/wp\/v2\/posts\/39294\/revisions\/39296"}],"wp:featuredmedia":[{"embeddable":true,"href":"https:\/\/www.egemtv.com\/index.php?rest_route=\/wp\/v2\/media\/39295"}],"wp:attachment":[{"href":"https:\/\/www.egemtv.com\/index.php?rest_route=%2Fwp%2Fv2%2Fmedia&parent=39294"}],"wp:term":[{"taxonomy":"category","embeddable":true,"href":"https:\/\/www.egemtv.com\/index.php?rest_route=%2Fwp%2Fv2%2Fcategories&post=39294"},{"taxonomy":"post_tag","embeddable":true,"href":"https:\/\/www.egemtv.com\/index.php?rest_route=%2Fwp%2Fv2%2Ftags&post=39294"}],"curies":[{"name":"wp","href":"https:\/\/api.w.org\/{rel}","templated":true}]}}